{"id":5990,"date":"2021-05-04T11:14:03","date_gmt":"2021-05-04T11:14:03","guid":{"rendered":"https:\/\/premiersuites2.wpenginepowered.com\/?p=5990"},"modified":"2021-05-04T11:37:34","modified_gmt":"2021-05-04T11:37:34","slug":"darkness-into-light-may-8th","status":"publish","type":"post","link":"https:\/\/www.premiersuiteseurope.com\/fr\/blog\/lobscurite-dans-la-lumiere-le-8-mai","title":{"rendered":"Darkness Into Light - 8 mai"},"content":{"rendered":"\t\t<div data-elementor-type=\"wp-post\" data-elementor-id=\"5990\" class=\"elementor elementor-5990\" data-elementor-post-type=\"post\">\n\t\t\t\t\t\t<section class=\"elementor-section elementor-top-section elementor-element elementor-element-0369f56 elementor-section-boxed elementor-section-height-default elementor-section-height-default\" data-id=\"0369f56\" data-element_type=\"section\" data-e-type=\"section\" data-settings=\"{&quot;jet_parallax_layout_list&quot;:[{&quot;jet_parallax_layout_image&quot;:{&quot;url&quot;:&quot;&quot;,&quot;id&quot;:&quot;&quot;,&quot;size&quot;:&quot;&quot;},&quot;_id&quot;:&quot;2dac496&quot;,&quot;jet_parallax_layout_image_laptop&quot;:{&quot;url&quot;:&quot;&quot;,&quot;id&quot;:&quot;&quot;,&quot;size&quot;:&quot;&quot;},&quot;jet_parallax_layout_image_tablet&quot;:{&quot;url&quot;:&quot;&quot;,&quot;id&quot;:&quot;&quot;,&quot;size&quot;:&quot;&quot;},&quot;jet_parallax_layout_image_mobile&quot;:{&quot;url&quot;:&quot;&quot;,&quot;id&quot;:&quot;&quot;,&quot;size&quot;:&quot;&quot;},&quot;jet_parallax_layout_speed&quot;:{&quot;unit&quot;:&quot;%&quot;,&quot;size&quot;:50,&quot;sizes&quot;:[]},&quot;jet_parallax_layout_type&quot;:&quot;scroll&quot;,&quot;jet_parallax_layout_direction&quot;:&quot;1&quot;,&quot;jet_parallax_layout_fx_direction&quot;:null,&quot;jet_parallax_layout_z_index&quot;:&quot;&quot;,&quot;jet_parallax_layout_bg_x&quot;:50,&quot;jet_parallax_layout_bg_x_laptop&quot;:&quot;&quot;,&quot;jet_parallax_layout_bg_x_tablet&quot;:&quot;&quot;,&quot;jet_parallax_layout_bg_x_mobile&quot;:&quot;&quot;,&quot;jet_parallax_layout_bg_y&quot;:50,&quot;jet_parallax_layout_bg_y_laptop&quot;:&quot;&quot;,&quot;jet_parallax_layout_bg_y_tablet&quot;:&quot;&quot;,&quot;jet_parallax_layout_bg_y_mobile&quot;:&quot;&quot;,&quot;jet_parallax_layout_bg_size&quot;:&quot;auto&quot;,&quot;jet_parallax_layout_bg_size_laptop&quot;:&quot;&quot;,&quot;jet_parallax_layout_bg_size_tablet&quot;:&quot;&quot;,&quot;jet_parallax_layout_bg_size_mobile&quot;:&quot;&quot;,&quot;jet_parallax_layout_animation_prop&quot;:&quot;transform&quot;,&quot;jet_parallax_layout_on&quot;:[&quot;desktop&quot;,&quot;tablet&quot;]}]}\">\n\t\t\t\t\t\t<div class=\"elementor-container elementor-column-gap-default\">\n\t\t\t\t\t<div class=\"elementor-column elementor-col-100 elementor-top-column elementor-element elementor-element-7a1fdca\" data-id=\"7a1fdca\" data-element_type=\"column\" data-e-type=\"column\">\n\t\t\t<div class=\"elementor-widget-wrap elementor-element-populated\">\n\t\t\t\t\t\t<div class=\"elementor-element elementor-element-a8848bf elementor-widget elementor-widget-text-editor\" data-id=\"a8848bf\" data-element_type=\"widget\" data-e-type=\"widget\" data-widget_type=\"text-editor.default\">\n\t\t\t\t<div class=\"elementor-widget-container\">\n\t\t\t\t\t\t\t\t\t<p>This last year has been hard for everyone, for many, it has been a year of missing loved ones, postponed special events and virtual catch-ups. Due to social distancing, many of our local charities have postponed or cancelled their fundraising events \u2013 leaving them in needs of funds for the vital services and support they provide for our local communities.<\/p><p>At PREMIER SUITES, we wanted to do our part and help to raise money to benefit two amazing charities. On Saturday 8th May, we are participating in <a href=\"https:\/\/www.darknessintolight.ie\/home-page-2021\" target=\"_blank\" rel=\"noopener\">Darkness Into Light<\/a> to raise funds on behalf of <a href=\"https:\/\/www.pieta.ie\/\" target=\"_blank\" rel=\"noopener\">Pieta<\/a> and <a href=\"https:\/\/www.rethink.org\/\" target=\"_blank\" rel=\"noopener\">ReThink<\/a>, supporting those impacted by mental illness.<\/p><p>PREMIER SUITES teams will be taking an early morning walk or jog to watch the sunrise. A very special moment and a symbol of hope, warmth and the promise of a brighter day ahead.<\/p><p><a href=\"https:\/\/www.mentalhealth.org.uk\/campaigns\/mental-health-awareness-week\" target=\"_blank\" rel=\"noopener\">Mental Health Awareness Week UK<\/a> will take place from 10th -16th May, with nature as the theme for this year\u2019s annual event. We invite you to join us on May 8th to take in your surroundings, the sunrise and focus on achieving good mental health.<\/p><p>Share your sunrise moment with us using #premiersuitessunrise.<\/p><p>If you would like to support us, please visit our fundraising links. We appreciate any contribution, big or small, in aid of these two amazing charities.<\/p><ul><li>PREMIER SUITES Ireland is participating on behalf of Pieta. Please support<a href=\"https:\/\/www.gofundme.com\/f\/from-darkness-to-light-with-premier-suites?utm_source=customer&amp;utm_medium=copy_link&amp;utm_campaign=p_cf+share-flow-1\" target=\"_blank\" rel=\"noopener\"> here<\/a>.\u00a0\u00a0<\/li><li>PREMIER SUITES UK is participating on behalf of ReThink. Please support <a href=\"https:\/\/www.gofundme.com\/f\/from-dark-to-dawn-with-premier-suites?utm_campaign=p_cf+share-flow-1&amp;utm_medium=copy_link&amp;utm_source=customer\" target=\"_blank\" rel=\"noopener\">here<\/a>.\u00a0\u00a0<\/li><\/ul><h2>\u00a0<\/h2><h2>Pieta<\/h2><p><a href=\"https:\/\/www.pieta.ie\/\" target=\"_blank\" rel=\"noopener\">Pieta<\/a> provides professional one-to-one therapeutic services to people who are in suicidal distress, those who engage in self-harm, and those bereaved by suicide. All of their services are provided free of charge and no referral is needed. Since 2006, Pieta have helped over 48,000 people in suicidal distress or engaging in self-harm across Ireland.<\/p><p>\u00a0<\/p><h2>Rethink<\/h2><p><a href=\"https:\/\/www.rethink.org\/\" target=\"_blank\" rel=\"noopener\">ReThink<\/a> improve the lives of people severely affected by mental illness through their network of local groups and services, expert information and successful campaigning. Their goal is to make sure everyone affected by severe mental illness has a good quality of life. Working tirelessly to transform the lives of everyone severely affected by mental illness, and how the UK approaches mental illness. ReThink provide over 200 services, 140 local support groups and run campaigns that bring about real change.<\/p><p>\u00a0<\/p><h2>How can you get involved?\u00a0<\/h2><p>We appreciate any help you can provide in raising funds for these two charities.<\/p><ul><li>If you would like to make a financial contribution towards these charities, please visit our GoFundMe links. Every little helps and 100% of your donation will do directly to the charity.<ul><li>PREMIER SUITES Ireland is participating on behalf of Pieta. Please support<a href=\"https:\/\/www.gofundme.com\/f\/from-darkness-to-light-with-premier-suites?utm_source=customer&amp;utm_medium=copy_link&amp;utm_campaign=p_cf+share-flow-1\" target=\"_blank\" rel=\"noopener\"> here<\/a>.\u00a0\u00a0<\/li><li>PREMIER SUITES UK is participating on behalf of ReThink. Please support <a href=\"https:\/\/www.gofundme.com\/f\/from-dark-to-dawn-with-premier-suites?utm_campaign=p_cf+share-flow-1&amp;utm_medium=copy_link&amp;utm_source=customer\" target=\"_blank\" rel=\"noopener\">here<\/a>.\u00a0\u00a0<\/li><\/ul><\/li><li>If you would like to participate in Darkness Into Light with us, please share your sunrise moment with us using #premiersuitessunrise. Everyone is welcome to join. If you can not join on May 8th, no problem \u2013 join in on a morning that suits you. We ask you to please walk in a socially distant way and follow all Covid-19 protocols.<\/li><li>Please share this with your friends, colleagues and family &#8211; we appreciate all the support.\u00a0<\/li><li>Share your sunrise moment with us on social media, using #premiersuitessunrise.<\/li><\/ul>\t\t\t\t\t\t\t\t<\/div>\n\t\t\t\t<\/div>\n\t\t\t\t\t<\/div>\n\t\t<\/div>\n\t\t\t\t\t<\/div>\n\t\t<\/section>\n\t\t\t\t<\/div>\n\t\t","protected":false},"excerpt":{"rendered":"<p>This last year has been hard for everyone, for many, it has been a year of missing loved ones, postponed special events and virtual catch-ups. Due to social distancing, many of our local charities have postponed or cancelled their fundraising events \u2013 leaving them in needs of funds for the vital services and support they [&hellip;]<\/p>\n","protected":false},"author":2,"featured_media":5991,"comment_status":"open","ping_status":"closed","sticky":false,"template":"","format":"standard","meta":{"_acf_changed":false,"footnotes":""},"categories":[54],"tags":[325,392,328],"class_list":["post-5990","post","type-post","status-publish","format-standard","has-post-thumbnail","hentry","category-premier-suites-collection","tag-corporate-social-responsibility","tag-ps-life","tag-wellbeing"],"acf":[],"yoast_head":"<!-- This site is optimized with the Yoast SEO Premium plugin v28.3 (Yoast SEO v28.4) - https:\/\/yoast.com\/product\/yoast-seo-premium-wordpress\/ -->\n<title>Darkness Into Light \u2013 May 8th | PREMIER SUITES Serviced Apartments<\/title>\n<meta name=\"description\" content=\"On 8th May, we are participating in Darkness Into Light, raising funds for Pieta and ReThink, supporting those impacted by mental illness.\" \/>\n<meta name=\"robots\" content=\"index, follow, max-snippet:-1, max-image-preview:large, max-video-preview:-1\" \/>\n<link rel=\"canonical\" href=\"https:\/\/www.premiersuiteseurope.com\/fr\/blog\/dunkelheit-ins-licht-mai-8\/\" \/>\n<meta property=\"og:locale\" content=\"fr_FR\" \/>\n<meta property=\"og:type\" content=\"article\" \/>\n<meta property=\"og:title\" content=\"Darkness Into Light \u2013 May 8th\" \/>\n<meta property=\"og:description\" content=\"On 8th May, we are participating in Darkness Into Light, raising funds for Pieta and ReThink, supporting those impacted by mental illness.\" \/>\n<meta property=\"og:url\" content=\"https:\/\/www.premiersuiteseurope.com\/fr\/blog\/dunkelheit-ins-licht-mai-8\/\" \/>\n<meta property=\"og:site_name\" content=\"PREMIER SUITES Serviced Apartments\" \/>\n<meta property=\"article:publisher\" content=\"https:\/\/www.facebook.com\/premiersuites.eu\" \/>\n<meta property=\"article:published_time\" content=\"2021-05-04T11:14:03+00:00\" \/>\n<meta property=\"article:modified_time\" content=\"2021-05-04T11:37:34+00:00\" \/>\n<meta property=\"og:image\" content=\"https:\/\/www.premiersuiteseurope.com\/wp-content\/uploads\/2021\/05\/Darkness-Into-Light.jpg\" \/>\n\t<meta property=\"og:image:width\" content=\"1920\" \/>\n\t<meta property=\"og:image:height\" content=\"1280\" \/>\n\t<meta property=\"og:image:type\" content=\"image\/jpeg\" \/>\n<meta name=\"author\" content=\"Edel Hall\" \/>\n<meta name=\"twitter:card\" content=\"summary_large_image\" \/>\n<meta name=\"twitter:creator\" content=\"@premiersuiteseu\" \/>\n<meta name=\"twitter:site\" content=\"@premiersuiteseu\" \/>\n<meta name=\"twitter:label1\" content=\"\u00c9crit par\" \/>\n\t<meta name=\"twitter:data1\" content=\"Edel Hall\" \/>\n\t<meta name=\"twitter:label2\" content=\"Dur\u00e9e de lecture est.\" \/>\n\t<meta name=\"twitter:data2\" content=\"3 minutes\" \/>\n<script type=\"application\/ld+json\" class=\"yoast-schema-graph\">{\"@context\":\"https:\\\/\\\/schema.org\",\"@graph\":[{\"@type\":\"Article\",\"@id\":\"https:\\\/\\\/www.premiersuiteseurope.com\\\/de\\\/blog\\\/dunkelheit-ins-licht-mai-8#article\",\"isPartOf\":{\"@id\":\"https:\\\/\\\/www.premiersuiteseurope.com\\\/de\\\/blog\\\/dunkelheit-ins-licht-mai-8\"},\"author\":{\"name\":\"Edel Hall\",\"@id\":\"https:\\\/\\\/www.premiersuiteseurope.com\\\/#\\\/schema\\\/person\\\/b0060ef526c738ff681757b1f85d923a\"},\"headline\":\"Darkness Into Light \u2013 May 8th\",\"datePublished\":\"2021-05-04T11:14:03+00:00\",\"dateModified\":\"2021-05-04T11:37:34+00:00\",\"mainEntityOfPage\":{\"@id\":\"https:\\\/\\\/www.premiersuiteseurope.com\\\/de\\\/blog\\\/dunkelheit-ins-licht-mai-8\"},\"wordCount\":538,\"commentCount\":0,\"publisher\":{\"@id\":\"https:\\\/\\\/www.premiersuiteseurope.com\\\/#organization\"},\"image\":{\"@id\":\"https:\\\/\\\/www.premiersuiteseurope.com\\\/de\\\/blog\\\/dunkelheit-ins-licht-mai-8#primaryimage\"},\"thumbnailUrl\":\"https:\\\/\\\/www.premiersuiteseurope.com\\\/wp-content\\\/uploads\\\/2021\\\/05\\\/Darkness-Into-Light.jpg\",\"keywords\":[\"Corporate Social Responsibility\",\"PS Life\",\"Wellbeing\"],\"articleSection\":[\"PREMIER SUITES Collection\"],\"inLanguage\":\"fr-BE\",\"potentialAction\":[{\"@type\":\"CommentAction\",\"name\":\"Comment\",\"target\":[\"https:\\\/\\\/www.premiersuiteseurope.com\\\/de\\\/blog\\\/dunkelheit-ins-licht-mai-8#respond\"]}]},{\"@type\":\"WebPage\",\"@id\":\"https:\\\/\\\/www.premiersuiteseurope.com\\\/de\\\/blog\\\/dunkelheit-ins-licht-mai-8\",\"url\":\"https:\\\/\\\/www.premiersuiteseurope.com\\\/de\\\/blog\\\/dunkelheit-ins-licht-mai-8\",\"name\":\"Darkness Into Light \u2013 May 8th | PREMIER SUITES Serviced Apartments\",\"isPartOf\":{\"@id\":\"https:\\\/\\\/www.premiersuiteseurope.com\\\/#website\"},\"primaryImageOfPage\":{\"@id\":\"https:\\\/\\\/www.premiersuiteseurope.com\\\/de\\\/blog\\\/dunkelheit-ins-licht-mai-8#primaryimage\"},\"image\":{\"@id\":\"https:\\\/\\\/www.premiersuiteseurope.com\\\/de\\\/blog\\\/dunkelheit-ins-licht-mai-8#primaryimage\"},\"thumbnailUrl\":\"https:\\\/\\\/www.premiersuiteseurope.com\\\/wp-content\\\/uploads\\\/2021\\\/05\\\/Darkness-Into-Light.jpg\",\"datePublished\":\"2021-05-04T11:14:03+00:00\",\"dateModified\":\"2021-05-04T11:37:34+00:00\",\"description\":\"On 8th May, we are participating in Darkness Into Light, raising funds for Pieta and ReThink, supporting those impacted by mental illness.\",\"breadcrumb\":{\"@id\":\"https:\\\/\\\/www.premiersuiteseurope.com\\\/de\\\/blog\\\/dunkelheit-ins-licht-mai-8#breadcrumb\"},\"inLanguage\":\"fr-BE\",\"potentialAction\":[{\"@type\":\"ReadAction\",\"target\":[\"https:\\\/\\\/www.premiersuiteseurope.com\\\/de\\\/blog\\\/dunkelheit-ins-licht-mai-8\"]}]},{\"@type\":\"ImageObject\",\"inLanguage\":\"fr-BE\",\"@id\":\"https:\\\/\\\/www.premiersuiteseurope.com\\\/de\\\/blog\\\/dunkelheit-ins-licht-mai-8#primaryimage\",\"url\":\"https:\\\/\\\/www.premiersuiteseurope.com\\\/wp-content\\\/uploads\\\/2021\\\/05\\\/Darkness-Into-Light.jpg\",\"contentUrl\":\"https:\\\/\\\/www.premiersuiteseurope.com\\\/wp-content\\\/uploads\\\/2021\\\/05\\\/Darkness-Into-Light.jpg\",\"width\":1920,\"height\":1280,\"caption\":\"Young Woman Admiring The Sunset Over Fields\"},{\"@type\":\"BreadcrumbList\",\"@id\":\"https:\\\/\\\/www.premiersuiteseurope.com\\\/de\\\/blog\\\/dunkelheit-ins-licht-mai-8#breadcrumb\",\"itemListElement\":[{\"@type\":\"ListItem\",\"position\":1,\"name\":\"Home\",\"item\":\"https:\\\/\\\/www.premiersuiteseurope.com\\\/en\\\/\"},{\"@type\":\"ListItem\",\"position\":2,\"name\":\"Darkness Into Light \u2013 May 8th\"}]},{\"@type\":\"WebSite\",\"@id\":\"https:\\\/\\\/www.premiersuiteseurope.com\\\/#website\",\"url\":\"https:\\\/\\\/www.premiersuiteseurope.com\\\/\",\"name\":\"PREMIER SUITES Serviced Apartments\",\"description\":\"Serviced Apartments in Europe\",\"publisher\":{\"@id\":\"https:\\\/\\\/www.premiersuiteseurope.com\\\/#organization\"},\"potentialAction\":[{\"@type\":\"SearchAction\",\"target\":{\"@type\":\"EntryPoint\",\"urlTemplate\":\"https:\\\/\\\/www.premiersuiteseurope.com\\\/?s={search_term_string}\"},\"query-input\":{\"@type\":\"PropertyValueSpecification\",\"valueRequired\":true,\"valueName\":\"search_term_string\"}}],\"inLanguage\":\"fr-BE\"},{\"@type\":\"Organization\",\"@id\":\"https:\\\/\\\/www.premiersuiteseurope.com\\\/#organization\",\"name\":\"PREMIER SUITES Serviced Apartments\",\"url\":\"https:\\\/\\\/www.premiersuiteseurope.com\\\/\",\"logo\":{\"@type\":\"ImageObject\",\"inLanguage\":\"fr-BE\",\"@id\":\"https:\\\/\\\/www.premiersuiteseurope.com\\\/#\\\/schema\\\/logo\\\/image\\\/\",\"url\":\"\",\"contentUrl\":\"\",\"caption\":\"PREMIER SUITES Serviced Apartments\"},\"image\":{\"@id\":\"https:\\\/\\\/www.premiersuiteseurope.com\\\/#\\\/schema\\\/logo\\\/image\\\/\"},\"sameAs\":[\"https:\\\/\\\/www.facebook.com\\\/premiersuites.eu\",\"https:\\\/\\\/x.com\\\/premiersuiteseu\",\"https:\\\/\\\/www.instagram.com\\\/premiersuites\\\/\",\"https:\\\/\\\/www.linkedin.com\\\/company\\\/premier-suites\\\/\",\"https:\\\/\\\/www.youtube.com\\\/user\\\/PremierApartments\"]},{\"@type\":\"Person\",\"@id\":\"https:\\\/\\\/www.premiersuiteseurope.com\\\/#\\\/schema\\\/person\\\/b0060ef526c738ff681757b1f85d923a\",\"name\":\"Edel Hall\",\"image\":{\"@type\":\"ImageObject\",\"inLanguage\":\"fr-BE\",\"@id\":\"https:\\\/\\\/secure.gravatar.com\\\/avatar\\\/a722b9a4f985c4c3d25afb92c7b5d0fedde7830d9e589579a8db0de8a6aa9ef1?s=96&d=mm&r=g\",\"url\":\"https:\\\/\\\/secure.gravatar.com\\\/avatar\\\/a722b9a4f985c4c3d25afb92c7b5d0fedde7830d9e589579a8db0de8a6aa9ef1?s=96&d=mm&r=g\",\"contentUrl\":\"https:\\\/\\\/secure.gravatar.com\\\/avatar\\\/a722b9a4f985c4c3d25afb92c7b5d0fedde7830d9e589579a8db0de8a6aa9ef1?s=96&d=mm&r=g\",\"caption\":\"Edel Hall\"},\"description\":\"Edel studied hospitality in university and has worked in the hospitality industry since \u2013 both operationally and behind the scenes. Before joining PREM Hospitality, Edel focused on hotel compliance, ensuring that brand standards and brand identity are adhered to.\",\"url\":\"https:\\\/\\\/www.premiersuiteseurope.com\\\/fr\\\/blog\\\/author\\\/ehallsprintdigital-com\"}]}<\/script>\n<!-- \/ Yoast SEO Premium plugin. -->","yoast_head_json":{"title":"Darkness Into Light - 8 mai | PREMIER SUITES Serviced Apartments","description":"Le 8 mai, nous participons \u00e0 l'op\u00e9ration Darkness Into Light, qui vise \u00e0 collecter des fonds pour Pieta et ReThink, qui soutiennent les personnes touch\u00e9es par la maladie mentale.","robots":{"index":"index","follow":"follow","max-snippet":"max-snippet:-1","max-image-preview":"max-image-preview:large","max-video-preview":"max-video-preview:-1"},"canonical":"https:\/\/www.premiersuiteseurope.com\/fr\/blog\/dunkelheit-ins-licht-mai-8\/","og_locale":"fr_FR","og_type":"article","og_title":"Darkness Into Light \u2013 May 8th","og_description":"On 8th May, we are participating in Darkness Into Light, raising funds for Pieta and ReThink, supporting those impacted by mental illness.","og_url":"https:\/\/www.premiersuiteseurope.com\/fr\/blog\/dunkelheit-ins-licht-mai-8\/","og_site_name":"PREMIER SUITES Serviced Apartments","article_publisher":"https:\/\/www.facebook.com\/premiersuites.eu","article_published_time":"2021-05-04T11:14:03+00:00","article_modified_time":"2021-05-04T11:37:34+00:00","og_image":[{"width":1920,"height":1280,"url":"https:\/\/www.premiersuiteseurope.com\/wp-content\/uploads\/2021\/05\/Darkness-Into-Light.jpg","type":"image\/jpeg"}],"author":"Edel Hall","twitter_card":"summary_large_image","twitter_creator":"@premiersuiteseu","twitter_site":"@premiersuiteseu","twitter_misc":{"\u00c9crit par":"Edel Hall","Dur\u00e9e de lecture est.":"3 minutes"},"schema":{"@context":"https:\/\/schema.org","@graph":[{"@type":"Article","@id":"https:\/\/www.premiersuiteseurope.com\/de\/blog\/dunkelheit-ins-licht-mai-8#article","isPartOf":{"@id":"https:\/\/www.premiersuiteseurope.com\/de\/blog\/dunkelheit-ins-licht-mai-8"},"author":{"name":"Edel Hall","@id":"https:\/\/www.premiersuiteseurope.com\/#\/schema\/person\/b0060ef526c738ff681757b1f85d923a"},"headline":"Darkness Into Light \u2013 May 8th","datePublished":"2021-05-04T11:14:03+00:00","dateModified":"2021-05-04T11:37:34+00:00","mainEntityOfPage":{"@id":"https:\/\/www.premiersuiteseurope.com\/de\/blog\/dunkelheit-ins-licht-mai-8"},"wordCount":538,"commentCount":0,"publisher":{"@id":"https:\/\/www.premiersuiteseurope.com\/#organization"},"image":{"@id":"https:\/\/www.premiersuiteseurope.com\/de\/blog\/dunkelheit-ins-licht-mai-8#primaryimage"},"thumbnailUrl":"https:\/\/www.premiersuiteseurope.com\/wp-content\/uploads\/2021\/05\/Darkness-Into-Light.jpg","keywords":["Corporate Social Responsibility","PS Life","Wellbeing"],"articleSection":["PREMIER SUITES Collection"],"inLanguage":"fr-BE","potentialAction":[{"@type":"CommentAction","name":"Comment","target":["https:\/\/www.premiersuiteseurope.com\/de\/blog\/dunkelheit-ins-licht-mai-8#respond"]}]},{"@type":"WebPage","@id":"https:\/\/www.premiersuiteseurope.com\/de\/blog\/dunkelheit-ins-licht-mai-8","url":"https:\/\/www.premiersuiteseurope.com\/de\/blog\/dunkelheit-ins-licht-mai-8","name":"Darkness Into Light - 8 mai | PREMIER SUITES Serviced Apartments","isPartOf":{"@id":"https:\/\/www.premiersuiteseurope.com\/#website"},"primaryImageOfPage":{"@id":"https:\/\/www.premiersuiteseurope.com\/de\/blog\/dunkelheit-ins-licht-mai-8#primaryimage"},"image":{"@id":"https:\/\/www.premiersuiteseurope.com\/de\/blog\/dunkelheit-ins-licht-mai-8#primaryimage"},"thumbnailUrl":"https:\/\/www.premiersuiteseurope.com\/wp-content\/uploads\/2021\/05\/Darkness-Into-Light.jpg","datePublished":"2021-05-04T11:14:03+00:00","dateModified":"2021-05-04T11:37:34+00:00","description":"Le 8 mai, nous participons \u00e0 l'op\u00e9ration Darkness Into Light, qui vise \u00e0 collecter des fonds pour Pieta et ReThink, qui soutiennent les personnes touch\u00e9es par la maladie mentale.","breadcrumb":{"@id":"https:\/\/www.premiersuiteseurope.com\/de\/blog\/dunkelheit-ins-licht-mai-8#breadcrumb"},"inLanguage":"fr-BE","potentialAction":[{"@type":"ReadAction","target":["https:\/\/www.premiersuiteseurope.com\/de\/blog\/dunkelheit-ins-licht-mai-8"]}]},{"@type":"ImageObject","inLanguage":"fr-BE","@id":"https:\/\/www.premiersuiteseurope.com\/de\/blog\/dunkelheit-ins-licht-mai-8#primaryimage","url":"https:\/\/www.premiersuiteseurope.com\/wp-content\/uploads\/2021\/05\/Darkness-Into-Light.jpg","contentUrl":"https:\/\/www.premiersuiteseurope.com\/wp-content\/uploads\/2021\/05\/Darkness-Into-Light.jpg","width":1920,"height":1280,"caption":"Young Woman Admiring The Sunset Over Fields"},{"@type":"BreadcrumbList","@id":"https:\/\/www.premiersuiteseurope.com\/de\/blog\/dunkelheit-ins-licht-mai-8#breadcrumb","itemListElement":[{"@type":"ListItem","position":1,"name":"Home","item":"https:\/\/www.premiersuiteseurope.com\/en\/"},{"@type":"ListItem","position":2,"name":"Darkness Into Light \u2013 May 8th"}]},{"@type":"WebSite","@id":"https:\/\/www.premiersuiteseurope.com\/#website","url":"https:\/\/www.premiersuiteseurope.com\/","name":"PREMIER SUITES Appartements avec services","description":"Appartements avec services en Europe","publisher":{"@id":"https:\/\/www.premiersuiteseurope.com\/#organization"},"potentialAction":[{"@type":"SearchAction","target":{"@type":"EntryPoint","urlTemplate":"https:\/\/www.premiersuiteseurope.com\/?s={search_term_string}"},"query-input":{"@type":"PropertyValueSpecification","valueRequired":true,"valueName":"search_term_string"}}],"inLanguage":"fr-BE"},{"@type":"Organization","@id":"https:\/\/www.premiersuiteseurope.com\/#organization","name":"PREMIER SUITES Appartements avec services","url":"https:\/\/www.premiersuiteseurope.com\/","logo":{"@type":"ImageObject","inLanguage":"fr-BE","@id":"https:\/\/www.premiersuiteseurope.com\/#\/schema\/logo\/image\/","url":"","contentUrl":"","caption":"PREMIER SUITES Serviced Apartments"},"image":{"@id":"https:\/\/www.premiersuiteseurope.com\/#\/schema\/logo\/image\/"},"sameAs":["https:\/\/www.facebook.com\/premiersuites.eu","https:\/\/x.com\/premiersuiteseu","https:\/\/www.instagram.com\/premiersuites\/","https:\/\/www.linkedin.com\/company\/premier-suites\/","https:\/\/www.youtube.com\/user\/PremierApartments"]},{"@type":"Person","@id":"https:\/\/www.premiersuiteseurope.com\/#\/schema\/person\/b0060ef526c738ff681757b1f85d923a","name":"Edel Hall","image":{"@type":"ImageObject","inLanguage":"fr-BE","@id":"https:\/\/secure.gravatar.com\/avatar\/a722b9a4f985c4c3d25afb92c7b5d0fedde7830d9e589579a8db0de8a6aa9ef1?s=96&d=mm&r=g","url":"https:\/\/secure.gravatar.com\/avatar\/a722b9a4f985c4c3d25afb92c7b5d0fedde7830d9e589579a8db0de8a6aa9ef1?s=96&d=mm&r=g","contentUrl":"https:\/\/secure.gravatar.com\/avatar\/a722b9a4f985c4c3d25afb92c7b5d0fedde7830d9e589579a8db0de8a6aa9ef1?s=96&d=mm&r=g","caption":"Edel Hall"},"description":"Edel a \u00e9tudi\u00e9 l'h\u00f4tellerie \u00e0 l'universit\u00e9 et travaille depuis dans le secteur de l'h\u00f4tellerie, tant sur le plan op\u00e9rationnel que dans les coulisses. Avant de rejoindre PREM Hospitality, Edel s'est concentr\u00e9 sur la conformit\u00e9 des h\u00f4tels, en veillant \u00e0 ce que les normes et l'identit\u00e9 de la marque soient respect\u00e9es.","url":"https:\/\/www.premiersuiteseurope.com\/fr\/blog\/author\/ehallsprintdigital-com"}]}},"_links":{"self":[{"href":"https:\/\/www.premiersuiteseurope.com\/fr\/wp-json\/wp\/v2\/posts\/5990","targetHints":{"allow":["GET"]}}],"collection":[{"href":"https:\/\/www.premiersuiteseurope.com\/fr\/wp-json\/wp\/v2\/posts"}],"about":[{"href":"https:\/\/www.premiersuiteseurope.com\/fr\/wp-json\/wp\/v2\/types\/post"}],"author":[{"embeddable":true,"href":"https:\/\/www.premiersuiteseurope.com\/fr\/wp-json\/wp\/v2\/users\/2"}],"replies":[{"embeddable":true,"href":"https:\/\/www.premiersuiteseurope.com\/fr\/wp-json\/wp\/v2\/comments?post=5990"}],"version-history":[{"count":0,"href":"https:\/\/www.premiersuiteseurope.com\/fr\/wp-json\/wp\/v2\/posts\/5990\/revisions"}],"wp:featuredmedia":[{"embeddable":true,"href":"https:\/\/www.premiersuiteseurope.com\/fr\/wp-json\/wp\/v2\/media\/5991"}],"wp:attachment":[{"href":"https:\/\/www.premiersuiteseurope.com\/fr\/wp-json\/wp\/v2\/media?parent=5990"}],"wp:term":[{"taxonomy":"category","embeddable":true,"href":"https:\/\/www.premiersuiteseurope.com\/fr\/wp-json\/wp\/v2\/categories?post=5990"},{"taxonomy":"post_tag","embeddable":true,"href":"https:\/\/www.premiersuiteseurope.com\/fr\/wp-json\/wp\/v2\/tags?post=5990"}],"curies":[{"name":"wp","href":"https:\/\/api.w.org\/{rel}","templated":true}]}}