{"id":16942,"date":"2025-03-14T15:20:47","date_gmt":"2025-03-14T15:20:47","guid":{"rendered":"https:\/\/www.premiersuiteseurope.com\/?p=16942"},"modified":"2025-03-14T15:41:41","modified_gmt":"2025-03-14T15:41:41","slug":"the-rise-of-flexible-travel-how-premier-suites-fits-the-modern-nomad","status":"publish","type":"post","link":"https:\/\/www.premiersuiteseurope.com\/fr\/blog\/lessor-des-voyages-flexibles-comment-les-suites-premier-sadaptent-au-nomade-moderne","title":{"rendered":"L'essor des voyages flexibles : Comment PREMIER SUITES s'adapte au nomade moderne"},"content":{"rendered":"<div data-elementor-type=\"wp-post\" data-elementor-id=\"16942\" class=\"elementor elementor-16942\" data-elementor-post-type=\"post\">\n\t\t\t\t<div class=\"elementor-element elementor-element-e1f9675 e-flex e-con-boxed e-con e-parent\" data-id=\"e1f9675\" data-element_type=\"container\" data-e-type=\"container\" data-settings=\"{&quot;jet_parallax_layout_list&quot;:[]}\">\n\t\t\t\t\t<div class=\"e-con-inner\">\n\t\t\t\t<div class=\"elementor-element elementor-element-b924b20 elementor-widget elementor-widget-text-editor\" data-id=\"b924b20\" data-element_type=\"widget\" data-e-type=\"widget\" data-widget_type=\"text-editor.default\">\n\t\t\t\t<div class=\"elementor-widget-container\">\n\t\t\t\t\t\t\t\t\t<h2>L'avenir du voyage : Un s\u00e9jour qui vous ressemble<\/h2>\n<p>Les habitudes de voyage \u00e9voluent. La fronti\u00e8re entre affaires et loisirs s'estompe, le d\u00e9veloppement durable est une priorit\u00e9 absolue et les clients recherchent plus de flexibilit\u00e9 que jamais. Que vous soyez un travailleur \u00e0 distance, un professionnel occup\u00e9 qui allie travail et plaisir, ou une personne \u00e0 la recherche d'un espace qui soutient r\u00e9ellement votre style de vie, la fa\u00e7on dont vous s\u00e9journez est importante. C'est l\u00e0 que PREMIER SUITES entre en jeu, en offrant une fa\u00e7on plus intelligente et plus durable de voyager, qui s'int\u00e8gre parfaitement \u00e0 votre vie.<\/p>\n<h2>L'essor des voyages d'agr\u00e9ment : Travailler et se divertir en un seul s\u00e9jour<\/h2>\n<p>L'\u00e9poque o\u00f9 les voyages d'affaires se r\u00e9sumaient \u00e0 un aller-retour en avion sans avoir le temps d'explorer est r\u00e9volue. Aujourd'hui, les professionnels tirent le meilleur parti de leurs voyages en prolongeant leurs s\u00e9jours et en m\u00ealant travail et loisirs, ce que l'on appelle le bleisure travel.<\/p>\n<p>Chez PREMIER SUITES, les appartements spacieux avec services constituent la base id\u00e9ale pour ceux qui souhaitent travailler \u00e0 distance tout en profitant de tout ce qu'une ville a \u00e0 offrir. Avec des espaces de travail d\u00e9di\u00e9s, une connexion Wi-Fi haut d\u00e9bit et un environnement familial, vous pouvez rester productif pendant la journ\u00e9e et explorer votre environnement le soir. Qu'il s'agisse d'aller d\u00eener dans un restaurant local branch\u00e9 ou de visiter des sites culturels, un s\u00e9jour dans un appartement avec services vous donne la possibilit\u00e9 de tout faire.<\/p>\n<p><b>Conseil :<\/b> Tous nos sites proposent des itin\u00e9raires urbains cr\u00e9\u00e9s par des habitants, ce qui vous permet de d\u00e9couvrir le meilleur de ce que chacun d'entre eux a \u00e0 offrir.&nbsp;<\/p>\n<h2>Durabilit\u00e9 : Une fa\u00e7on plus intelligente de rester<\/h2>\n<p>Pour les clients d'aujourd'hui, la durabilit\u00e9 n'est pas seulement un avantage, c'est une attente.<\/p>\n<p>PREMIER SUITES s'engage \u00e0 voyager de mani\u00e8re responsable, en veillant \u00e0 ce que chaque s\u00e9jour ait un impact minimal sur l'environnement. Nous sommes fiers d'\u00eatre accr\u00e9dit\u00e9s par Green Tourism et Green Key. En outre, deux de nos nouvelles propri\u00e9t\u00e9s sont certifi\u00e9es BREEAM In-Use (<a href=\"https:\/\/www.premiersuiteseurope.com\/fr\/sites\/les-pays-bas\/amsterdam\/appartements-services-amsterdam\/\" target=\"_blank\" rel=\"noopener\">Amsterdam&nbsp;<\/a>et&nbsp;<a href=\"https:\/\/www.premiersuiteseurope.com\/fr\/sites\/royaume-uni\/edinburgh\/appartements-services-cour-de-la-fontaine\/\" target=\"_blank\" rel=\"noopener\">\u00c9dimbourg<\/a>).<\/p>\n<p>Qu'il s'agisse d'\u00e9quipements \u00e9cologiques, d'approvisionnement durable, de r\u00e9duction des d\u00e9chets ou d'efficacit\u00e9 \u00e9nerg\u00e9tique, chaque aspect de nos appartements avec services est con\u00e7u dans une optique de d\u00e9veloppement durable. S\u00e9journer dans un appartement \u00e9quip\u00e9 d'une cuisine permet \u00e9galement aux clients de r\u00e9duire les d\u00e9chets alimentaires et les plastiques \u00e0 usage unique, ce qui leur permet de mieux contr\u00f4ler leur empreinte \u00e9cologique. Lorsque vous choisissez un s\u00e9jour qui correspond \u00e0 vos valeurs, vous pouvez vous sentir bien dans vos choix de voyage tout en b\u00e9n\u00e9ficiant d'un confort de premier ordre.<\/p>\n<h2>Le temps en famille : plus d'espace pour ce qui compte<\/h2>\n<p>Voyager en famille signifie souvent se serrer dans une seule chambre d'h\u00f4tel ou r\u00e9server plusieurs chambres pour accueillir tout le monde. C'est pourquoi de plus en plus de familles optent pour des s\u00e9jours en appartement qui offrent des chambres s\u00e9par\u00e9es, des espaces de vie et des cuisines enti\u00e8rement \u00e9quip\u00e9es, donnant ainsi aux parents et aux enfants l'espace dont ils ont besoin pour se d\u00e9tendre et passer de bons moments ensemble.<\/p>\n<p>Qu'il s'agisse de pr\u00e9parer un repas maison au lieu de manger au restaurant tous les soirs, de se d\u00e9tendre dans un salon spacieux apr\u00e8s une longue journ\u00e9e de visites, ou simplement d'avoir la libert\u00e9 de suivre sa propre routine, PREMIER SUITES rend les voyages en famille plus faciles, plus agr\u00e9ables et moins stressants.<\/p>\n<p><strong>Conseil de voyage :<\/strong> lorsque vous effectuez votre r\u00e9servation aupr\u00e8s de nous, assurez-vous de demander&nbsp;<a href=\"https:\/\/www.premiersuiteseurope.com\/fr\/suite-little-vips\/\" target=\"_blank\" rel=\"noopener\">Suite Little VIPs<\/a>&nbsp;- sp\u00e9cialement con\u00e7us pour r\u00e9pondre aux besoins de nos plus jeunes clients et pour vous faire gagner de la place dans vos bagages lors de vos d\u00e9placements !<\/p>\n<p><b>P.S.<\/b>&nbsp;<a href=\"https:\/\/www.premiersuiteseurope.com\/fr\/vie\/adapte-aux-animaux-domestiques\/\" target=\"_blank\" rel=\"noopener\">Nous acceptons les animaux de compagnie<\/a>&nbsp;pour qu'aucun membre de la famille ne soit oubli\u00e9. (m<span style=\"background-color: transparent; text-align: var(--text-align); color: var( --e-global-color-c89e186 );\">s\u00e9jour minimum, des frais suppl\u00e9mentaires et des conditions g\u00e9n\u00e9rales s'appliquent).<\/span><\/p>\n<h2>\u00c9quilibre entre vie professionnelle et vie priv\u00e9e : Rester productif sans compromettre son bien-\u00eatre<\/h2>\n<p>Le client moderne n'est plus dispos\u00e9 \u00e0 compromettre l'\u00e9quilibre entre sa vie professionnelle et sa vie priv\u00e9e, m\u00eame en d\u00e9placement. Pour ceux qui travaillent \u00e0 distance, qui voyagent pour affaires ou qui souhaitent simplement un s\u00e9jour adapt\u00e9 \u00e0 leur mode de vie, un espace flexible et confortable est essentiel.<\/p>\n<p>PREMIER SUITES propose des espaces de travail d\u00e9di\u00e9s dans les appartements, afin que les clients puissent prendre des appels, participer \u00e0 des r\u00e9unions virtuelles et rester concentr\u00e9s sur leurs t\u00e2ches sans se sentir confin\u00e9s \u00e0 un bureau dans une chambre d'h\u00f4tel traditionnelle. Mais il n'y a pas que le travail - nos emplacements vous permettent de vous \u00e9loigner de votre ordinateur portable et de profiter des parcs locaux, des salles de sport, des restaurants et des exp\u00e9riences sociales qui apportent de l'\u00e9quilibre \u00e0 votre voyage.<\/p>\n<p>Notre site&nbsp;<a href=\"https:\/\/www.premiersuiteseurope.com\/fr\/vie\/\" target=\"_blank\" rel=\"noopener\">La vie \u00e0 PREMIER SUITES<\/a>&nbsp;des initiatives pour que la vie \u00e0 PREMIER SUITES soit aussi proche que possible de la vie \u00e0 la maison.<\/p>\n<h2>L'avenir du voyage : Libert\u00e9, flexibilit\u00e9 et confort<\/h2>\n<p>Les clients modernes veulent plus qu'un simple endroit o\u00f9 dormir - ils veulent un espace qui s'adapte \u00e0 leurs besoins. Qu'il s'agisse de concilier affaires et loisirs, de voyager dans une optique de d\u00e9veloppement durable, de passer du temps en famille ou de rester productif en d\u00e9placement, PREMIER SUITES offre la libert\u00e9, la flexibilit\u00e9 et le confort n\u00e9cessaires pour que chaque s\u00e9jour soit parfait.<\/p>\n<p>Alors que la fa\u00e7on dont nous voyageons continue d'\u00e9voluer, le choix d'un bon h\u00e9bergement peut faire toute la diff\u00e9rence. Que vous restiez quelques nuits ou quelques mois, un appartement avec services vous offre le meilleur des deux mondes : le confort d'une maison avec les avantages d'un h\u00f4tel.<\/p>\n<p>Pr\u00eat \u00e0 d\u00e9couvrir une fa\u00e7on plus intelligente de s\u00e9journer ? D\u00e9couvrez comment PREMIER SUITES peut s'int\u00e9grer parfaitement \u00e0 votre style de vie et d\u00e9couvrez tous les avantages de PREMIER SUITES.&nbsp;<a href=\"https:\/\/www.premiersuiteseurope.com\/fr\/bleisure-travel\/\" target=\"_blank\">les avantages des voyages d'agr\u00e9ment<\/a>.&nbsp;<\/p>\t\t\t\t\t\t\t\t<\/div>\n\t\t\t\t<\/div>\n\t\t\t\t\t<\/div>\n\t\t\t\t<\/div>\n\t\t\t\t<\/div>","protected":false},"excerpt":{"rendered":"<p>The Future of Travel: A Stay That Works for You Travel habits are evolving. The lines between business and leisure are blurring, sustainability is a top priority, and guests are seeking more flexibility than ever before. Whether you\u2019re a remote worker, a busy professional mixing work with pleasure, or someone looking for a space that [&hellip;]<\/p>\n","protected":false},"author":2,"featured_media":1240,"comment_status":"closed","ping_status":"closed","sticky":false,"template":"","format":"standard","meta":{"_acf_changed":false,"footnotes":""},"categories":[287,285,54,286,279],"tags":[391,1172,798],"class_list":["post-16942","post","type-post","status-publish","format-standard","has-post-thumbnail","hentry","category-belgium","category-ireland","category-premier-suites-collection","category-the-netherlands","category-united-kingdom","tag-serviced-apartments","tag-sustainable-travel","tag-travel"],"acf":[],"yoast_head":"<!-- This site is optimized with the Yoast SEO Premium plugin v28.3 (Yoast SEO v28.4) - https:\/\/yoast.com\/product\/yoast-seo-premium-wordpress\/ -->\n<title>The Rise of Flexible Travel: How PREMIER SUITES Fits the Modern Nomad | PREMIER SUITES Serviced Apartments<\/title>\n<meta name=\"description\" content=\"PREMIER SUITES offers a smarter way stay and to travel - ideal for professionals mixing work with pleasure.\" \/>\n<meta name=\"robots\" content=\"index, follow, max-snippet:-1, max-image-preview:large, max-video-preview:-1\" \/>\n<link rel=\"canonical\" href=\"https:\/\/www.premiersuiteseurope.com\/fr\/blog\/lessor-des-voyages-flexibles-comment-les-suites-premier-sadaptent-au-nomade-moderne\/\" \/>\n<meta property=\"og:locale\" content=\"fr_FR\" \/>\n<meta property=\"og:type\" content=\"article\" \/>\n<meta property=\"og:title\" content=\"The Rise of Flexible Travel: How PREMIER SUITES Fits the Modern Nomad\" \/>\n<meta property=\"og:description\" content=\"PREMIER SUITES offers a smarter way stay and to travel - ideal for professionals mixing work with pleasure.\" \/>\n<meta property=\"og:url\" content=\"https:\/\/www.premiersuiteseurope.com\/fr\/blog\/lessor-des-voyages-flexibles-comment-les-suites-premier-sadaptent-au-nomade-moderne\/\" \/>\n<meta property=\"og:site_name\" content=\"PREMIER SUITES Serviced Apartments\" \/>\n<meta property=\"article:publisher\" content=\"https:\/\/www.facebook.com\/premiersuites.eu\" \/>\n<meta property=\"article:published_time\" content=\"2025-03-14T15:20:47+00:00\" \/>\n<meta property=\"article:modified_time\" content=\"2025-03-14T15:41:41+00:00\" \/>\n<meta property=\"og:image\" content=\"https:\/\/www.premiersuiteseurope.com\/wp-content\/uploads\/2021\/03\/PREMIER-SUITES-PLUS-Dublin-Leeson-Street-reflection-of-double-bed-and-dressing-table.jpg\" \/>\n\t<meta property=\"og:image:width\" content=\"1920\" \/>\n\t<meta property=\"og:image:height\" content=\"1282\" \/>\n\t<meta property=\"og:image:type\" content=\"image\/jpeg\" \/>\n<meta name=\"author\" content=\"Edel Hall\" \/>\n<meta name=\"twitter:card\" content=\"summary_large_image\" \/>\n<meta name=\"twitter:creator\" content=\"@premiersuiteseu\" \/>\n<meta name=\"twitter:site\" content=\"@premiersuiteseu\" \/>\n<meta name=\"twitter:label1\" content=\"\u00c9crit par\" \/>\n\t<meta name=\"twitter:data1\" content=\"Edel Hall\" \/>\n\t<meta name=\"twitter:label2\" content=\"Dur\u00e9e de lecture est.\" \/>\n\t<meta name=\"twitter:data2\" content=\"4 minutes\" \/>\n<script type=\"application\/ld+json\" class=\"yoast-schema-graph\">{\"@context\":\"https:\\\/\\\/schema.org\",\"@graph\":[{\"@type\":\"Article\",\"@id\":\"https:\\\/\\\/www.premiersuiteseurope.com\\\/blog\\\/the-rise-of-flexible-travel-how-premier-suites-fits-the-modern-nomad#article\",\"isPartOf\":{\"@id\":\"https:\\\/\\\/www.premiersuiteseurope.com\\\/blog\\\/the-rise-of-flexible-travel-how-premier-suites-fits-the-modern-nomad\"},\"author\":{\"name\":\"Edel Hall\",\"@id\":\"https:\\\/\\\/www.premiersuiteseurope.com\\\/#\\\/schema\\\/person\\\/b0060ef526c738ff681757b1f85d923a\"},\"headline\":\"The Rise of Flexible Travel: How PREMIER SUITES Fits the Modern Nomad\",\"datePublished\":\"2025-03-14T15:20:47+00:00\",\"dateModified\":\"2025-03-14T15:41:41+00:00\",\"mainEntityOfPage\":{\"@id\":\"https:\\\/\\\/www.premiersuiteseurope.com\\\/blog\\\/the-rise-of-flexible-travel-how-premier-suites-fits-the-modern-nomad\"},\"wordCount\":847,\"publisher\":{\"@id\":\"https:\\\/\\\/www.premiersuiteseurope.com\\\/#organization\"},\"image\":{\"@id\":\"https:\\\/\\\/www.premiersuiteseurope.com\\\/blog\\\/the-rise-of-flexible-travel-how-premier-suites-fits-the-modern-nomad#primaryimage\"},\"thumbnailUrl\":\"https:\\\/\\\/www.premiersuiteseurope.com\\\/wp-content\\\/uploads\\\/2021\\\/03\\\/PREMIER-SUITES-PLUS-Dublin-Leeson-Street-reflection-of-double-bed-and-dressing-table.jpg\",\"keywords\":[\"Serviced Apartments\",\"Sustainable Travel\",\"Travel\"],\"articleSection\":[\"Belgium\",\"Ireland\",\"PREMIER SUITES Collection\",\"The Netherlands\",\"United Kingdom\"],\"inLanguage\":\"fr-BE\"},{\"@type\":\"WebPage\",\"@id\":\"https:\\\/\\\/www.premiersuiteseurope.com\\\/blog\\\/the-rise-of-flexible-travel-how-premier-suites-fits-the-modern-nomad\",\"url\":\"https:\\\/\\\/www.premiersuiteseurope.com\\\/blog\\\/the-rise-of-flexible-travel-how-premier-suites-fits-the-modern-nomad\",\"name\":\"The Rise of Flexible Travel: How PREMIER SUITES Fits the Modern Nomad | PREMIER SUITES Serviced Apartments\",\"isPartOf\":{\"@id\":\"https:\\\/\\\/www.premiersuiteseurope.com\\\/#website\"},\"primaryImageOfPage\":{\"@id\":\"https:\\\/\\\/www.premiersuiteseurope.com\\\/blog\\\/the-rise-of-flexible-travel-how-premier-suites-fits-the-modern-nomad#primaryimage\"},\"image\":{\"@id\":\"https:\\\/\\\/www.premiersuiteseurope.com\\\/blog\\\/the-rise-of-flexible-travel-how-premier-suites-fits-the-modern-nomad#primaryimage\"},\"thumbnailUrl\":\"https:\\\/\\\/www.premiersuiteseurope.com\\\/wp-content\\\/uploads\\\/2021\\\/03\\\/PREMIER-SUITES-PLUS-Dublin-Leeson-Street-reflection-of-double-bed-and-dressing-table.jpg\",\"datePublished\":\"2025-03-14T15:20:47+00:00\",\"dateModified\":\"2025-03-14T15:41:41+00:00\",\"description\":\"PREMIER SUITES offers a smarter way stay and to travel - ideal for professionals mixing work with pleasure.\",\"breadcrumb\":{\"@id\":\"https:\\\/\\\/www.premiersuiteseurope.com\\\/blog\\\/the-rise-of-flexible-travel-how-premier-suites-fits-the-modern-nomad#breadcrumb\"},\"inLanguage\":\"fr-BE\",\"potentialAction\":[{\"@type\":\"ReadAction\",\"target\":[\"https:\\\/\\\/www.premiersuiteseurope.com\\\/blog\\\/the-rise-of-flexible-travel-how-premier-suites-fits-the-modern-nomad\"]}]},{\"@type\":\"ImageObject\",\"inLanguage\":\"fr-BE\",\"@id\":\"https:\\\/\\\/www.premiersuiteseurope.com\\\/blog\\\/the-rise-of-flexible-travel-how-premier-suites-fits-the-modern-nomad#primaryimage\",\"url\":\"https:\\\/\\\/www.premiersuiteseurope.com\\\/wp-content\\\/uploads\\\/2021\\\/03\\\/PREMIER-SUITES-PLUS-Dublin-Leeson-Street-reflection-of-double-bed-and-dressing-table.jpg\",\"contentUrl\":\"https:\\\/\\\/www.premiersuiteseurope.com\\\/wp-content\\\/uploads\\\/2021\\\/03\\\/PREMIER-SUITES-PLUS-Dublin-Leeson-Street-reflection-of-double-bed-and-dressing-table.jpg\",\"width\":1920,\"height\":1282,\"caption\":\"PREMIER SUITES PLUS Dublin Leeson Street reflection of double bed and dressing table\"},{\"@type\":\"BreadcrumbList\",\"@id\":\"https:\\\/\\\/www.premiersuiteseurope.com\\\/blog\\\/the-rise-of-flexible-travel-how-premier-suites-fits-the-modern-nomad#breadcrumb\",\"itemListElement\":[{\"@type\":\"ListItem\",\"position\":1,\"name\":\"Home\",\"item\":\"https:\\\/\\\/www.premiersuiteseurope.com\\\/en\\\/\"},{\"@type\":\"ListItem\",\"position\":2,\"name\":\"The Rise of Flexible Travel: How PREMIER SUITES Fits the Modern Nomad\"}]},{\"@type\":\"WebSite\",\"@id\":\"https:\\\/\\\/www.premiersuiteseurope.com\\\/#website\",\"url\":\"https:\\\/\\\/www.premiersuiteseurope.com\\\/\",\"name\":\"PREMIER SUITES Serviced Apartments\",\"description\":\"Serviced Apartments in Europe\",\"publisher\":{\"@id\":\"https:\\\/\\\/www.premiersuiteseurope.com\\\/#organization\"},\"potentialAction\":[{\"@type\":\"SearchAction\",\"target\":{\"@type\":\"EntryPoint\",\"urlTemplate\":\"https:\\\/\\\/www.premiersuiteseurope.com\\\/?s={search_term_string}\"},\"query-input\":{\"@type\":\"PropertyValueSpecification\",\"valueRequired\":true,\"valueName\":\"search_term_string\"}}],\"inLanguage\":\"fr-BE\"},{\"@type\":\"Organization\",\"@id\":\"https:\\\/\\\/www.premiersuiteseurope.com\\\/#organization\",\"name\":\"PREMIER SUITES Serviced Apartments\",\"url\":\"https:\\\/\\\/www.premiersuiteseurope.com\\\/\",\"logo\":{\"@type\":\"ImageObject\",\"inLanguage\":\"fr-BE\",\"@id\":\"https:\\\/\\\/www.premiersuiteseurope.com\\\/#\\\/schema\\\/logo\\\/image\\\/\",\"url\":\"\",\"contentUrl\":\"\",\"caption\":\"PREMIER SUITES Serviced Apartments\"},\"image\":{\"@id\":\"https:\\\/\\\/www.premiersuiteseurope.com\\\/#\\\/schema\\\/logo\\\/image\\\/\"},\"sameAs\":[\"https:\\\/\\\/www.facebook.com\\\/premiersuites.eu\",\"https:\\\/\\\/x.com\\\/premiersuiteseu\",\"https:\\\/\\\/www.instagram.com\\\/premiersuites\\\/\",\"https:\\\/\\\/www.linkedin.com\\\/company\\\/premier-suites\\\/\",\"https:\\\/\\\/www.youtube.com\\\/user\\\/PremierApartments\"]},{\"@type\":\"Person\",\"@id\":\"https:\\\/\\\/www.premiersuiteseurope.com\\\/#\\\/schema\\\/person\\\/b0060ef526c738ff681757b1f85d923a\",\"name\":\"Edel Hall\",\"image\":{\"@type\":\"ImageObject\",\"inLanguage\":\"fr-BE\",\"@id\":\"https:\\\/\\\/secure.gravatar.com\\\/avatar\\\/a722b9a4f985c4c3d25afb92c7b5d0fedde7830d9e589579a8db0de8a6aa9ef1?s=96&d=mm&r=g\",\"url\":\"https:\\\/\\\/secure.gravatar.com\\\/avatar\\\/a722b9a4f985c4c3d25afb92c7b5d0fedde7830d9e589579a8db0de8a6aa9ef1?s=96&d=mm&r=g\",\"contentUrl\":\"https:\\\/\\\/secure.gravatar.com\\\/avatar\\\/a722b9a4f985c4c3d25afb92c7b5d0fedde7830d9e589579a8db0de8a6aa9ef1?s=96&d=mm&r=g\",\"caption\":\"Edel Hall\"},\"description\":\"Edel studied hospitality in university and has worked in the hospitality industry since \u2013 both operationally and behind the scenes. Before joining PREM Hospitality, Edel focused on hotel compliance, ensuring that brand standards and brand identity are adhered to.\",\"url\":\"https:\\\/\\\/www.premiersuiteseurope.com\\\/fr\\\/blog\\\/author\\\/ehallsprintdigital-com\"}]}<\/script>\n<!-- \/ Yoast SEO Premium plugin. -->","yoast_head_json":{"title":"L'essor du voyage flexible : Comment PREMIER SUITES s'adapte au nomade moderne | PREMIER SUITES Serviced Apartments","description":"PREMIER SUITES offre une fa\u00e7on plus intelligente de s\u00e9journer et de voyager - id\u00e9al pour les professionnels qui m\u00e9langent travail et plaisir.","robots":{"index":"index","follow":"follow","max-snippet":"max-snippet:-1","max-image-preview":"max-image-preview:large","max-video-preview":"max-video-preview:-1"},"canonical":"https:\/\/www.premiersuiteseurope.com\/fr\/blog\/lessor-des-voyages-flexibles-comment-les-suites-premier-sadaptent-au-nomade-moderne\/","og_locale":"fr_FR","og_type":"article","og_title":"The Rise of Flexible Travel: How PREMIER SUITES Fits the Modern Nomad","og_description":"PREMIER SUITES offers a smarter way stay and to travel - ideal for professionals mixing work with pleasure.","og_url":"https:\/\/www.premiersuiteseurope.com\/fr\/blog\/lessor-des-voyages-flexibles-comment-les-suites-premier-sadaptent-au-nomade-moderne\/","og_site_name":"PREMIER SUITES Serviced Apartments","article_publisher":"https:\/\/www.facebook.com\/premiersuites.eu","article_published_time":"2025-03-14T15:20:47+00:00","article_modified_time":"2025-03-14T15:41:41+00:00","og_image":[{"width":1920,"height":1282,"url":"https:\/\/www.premiersuiteseurope.com\/wp-content\/uploads\/2021\/03\/PREMIER-SUITES-PLUS-Dublin-Leeson-Street-reflection-of-double-bed-and-dressing-table.jpg","type":"image\/jpeg"}],"author":"Edel Hall","twitter_card":"summary_large_image","twitter_creator":"@premiersuiteseu","twitter_site":"@premiersuiteseu","twitter_misc":{"\u00c9crit par":"Edel Hall","Dur\u00e9e de lecture est.":"4 minutes"},"schema":{"@context":"https:\/\/schema.org","@graph":[{"@type":"Article","@id":"https:\/\/www.premiersuiteseurope.com\/blog\/the-rise-of-flexible-travel-how-premier-suites-fits-the-modern-nomad#article","isPartOf":{"@id":"https:\/\/www.premiersuiteseurope.com\/blog\/the-rise-of-flexible-travel-how-premier-suites-fits-the-modern-nomad"},"author":{"name":"Edel Hall","@id":"https:\/\/www.premiersuiteseurope.com\/#\/schema\/person\/b0060ef526c738ff681757b1f85d923a"},"headline":"The Rise of Flexible Travel: How PREMIER SUITES Fits the Modern Nomad","datePublished":"2025-03-14T15:20:47+00:00","dateModified":"2025-03-14T15:41:41+00:00","mainEntityOfPage":{"@id":"https:\/\/www.premiersuiteseurope.com\/blog\/the-rise-of-flexible-travel-how-premier-suites-fits-the-modern-nomad"},"wordCount":847,"publisher":{"@id":"https:\/\/www.premiersuiteseurope.com\/#organization"},"image":{"@id":"https:\/\/www.premiersuiteseurope.com\/blog\/the-rise-of-flexible-travel-how-premier-suites-fits-the-modern-nomad#primaryimage"},"thumbnailUrl":"https:\/\/www.premiersuiteseurope.com\/wp-content\/uploads\/2021\/03\/PREMIER-SUITES-PLUS-Dublin-Leeson-Street-reflection-of-double-bed-and-dressing-table.jpg","keywords":["Serviced Apartments","Sustainable Travel","Travel"],"articleSection":["Belgium","Ireland","PREMIER SUITES Collection","The Netherlands","United Kingdom"],"inLanguage":"fr-BE"},{"@type":"WebPage","@id":"https:\/\/www.premiersuiteseurope.com\/blog\/the-rise-of-flexible-travel-how-premier-suites-fits-the-modern-nomad","url":"https:\/\/www.premiersuiteseurope.com\/blog\/the-rise-of-flexible-travel-how-premier-suites-fits-the-modern-nomad","name":"L'essor du voyage flexible : Comment PREMIER SUITES s'adapte au nomade moderne | PREMIER SUITES Serviced Apartments","isPartOf":{"@id":"https:\/\/www.premiersuiteseurope.com\/#website"},"primaryImageOfPage":{"@id":"https:\/\/www.premiersuiteseurope.com\/blog\/the-rise-of-flexible-travel-how-premier-suites-fits-the-modern-nomad#primaryimage"},"image":{"@id":"https:\/\/www.premiersuiteseurope.com\/blog\/the-rise-of-flexible-travel-how-premier-suites-fits-the-modern-nomad#primaryimage"},"thumbnailUrl":"https:\/\/www.premiersuiteseurope.com\/wp-content\/uploads\/2021\/03\/PREMIER-SUITES-PLUS-Dublin-Leeson-Street-reflection-of-double-bed-and-dressing-table.jpg","datePublished":"2025-03-14T15:20:47+00:00","dateModified":"2025-03-14T15:41:41+00:00","description":"PREMIER SUITES offre une fa\u00e7on plus intelligente de s\u00e9journer et de voyager - id\u00e9al pour les professionnels qui m\u00e9langent travail et plaisir.","breadcrumb":{"@id":"https:\/\/www.premiersuiteseurope.com\/blog\/the-rise-of-flexible-travel-how-premier-suites-fits-the-modern-nomad#breadcrumb"},"inLanguage":"fr-BE","potentialAction":[{"@type":"ReadAction","target":["https:\/\/www.premiersuiteseurope.com\/blog\/the-rise-of-flexible-travel-how-premier-suites-fits-the-modern-nomad"]}]},{"@type":"ImageObject","inLanguage":"fr-BE","@id":"https:\/\/www.premiersuiteseurope.com\/blog\/the-rise-of-flexible-travel-how-premier-suites-fits-the-modern-nomad#primaryimage","url":"https:\/\/www.premiersuiteseurope.com\/wp-content\/uploads\/2021\/03\/PREMIER-SUITES-PLUS-Dublin-Leeson-Street-reflection-of-double-bed-and-dressing-table.jpg","contentUrl":"https:\/\/www.premiersuiteseurope.com\/wp-content\/uploads\/2021\/03\/PREMIER-SUITES-PLUS-Dublin-Leeson-Street-reflection-of-double-bed-and-dressing-table.jpg","width":1920,"height":1282,"caption":"PREMIER SUITES PLUS Dublin Leeson Street reflection of double bed and dressing table"},{"@type":"BreadcrumbList","@id":"https:\/\/www.premiersuiteseurope.com\/blog\/the-rise-of-flexible-travel-how-premier-suites-fits-the-modern-nomad#breadcrumb","itemListElement":[{"@type":"ListItem","position":1,"name":"Home","item":"https:\/\/www.premiersuiteseurope.com\/en\/"},{"@type":"ListItem","position":2,"name":"The Rise of Flexible Travel: How PREMIER SUITES Fits the Modern Nomad"}]},{"@type":"WebSite","@id":"https:\/\/www.premiersuiteseurope.com\/#website","url":"https:\/\/www.premiersuiteseurope.com\/","name":"PREMIER SUITES Appartements avec services","description":"Appartements avec services en Europe","publisher":{"@id":"https:\/\/www.premiersuiteseurope.com\/#organization"},"potentialAction":[{"@type":"SearchAction","target":{"@type":"EntryPoint","urlTemplate":"https:\/\/www.premiersuiteseurope.com\/?s={search_term_string}"},"query-input":{"@type":"PropertyValueSpecification","valueRequired":true,"valueName":"search_term_string"}}],"inLanguage":"fr-BE"},{"@type":"Organization","@id":"https:\/\/www.premiersuiteseurope.com\/#organization","name":"PREMIER SUITES Appartements avec services","url":"https:\/\/www.premiersuiteseurope.com\/","logo":{"@type":"ImageObject","inLanguage":"fr-BE","@id":"https:\/\/www.premiersuiteseurope.com\/#\/schema\/logo\/image\/","url":"","contentUrl":"","caption":"PREMIER SUITES Serviced Apartments"},"image":{"@id":"https:\/\/www.premiersuiteseurope.com\/#\/schema\/logo\/image\/"},"sameAs":["https:\/\/www.facebook.com\/premiersuites.eu","https:\/\/x.com\/premiersuiteseu","https:\/\/www.instagram.com\/premiersuites\/","https:\/\/www.linkedin.com\/company\/premier-suites\/","https:\/\/www.youtube.com\/user\/PremierApartments"]},{"@type":"Person","@id":"https:\/\/www.premiersuiteseurope.com\/#\/schema\/person\/b0060ef526c738ff681757b1f85d923a","name":"Edel Hall","image":{"@type":"ImageObject","inLanguage":"fr-BE","@id":"https:\/\/secure.gravatar.com\/avatar\/a722b9a4f985c4c3d25afb92c7b5d0fedde7830d9e589579a8db0de8a6aa9ef1?s=96&d=mm&r=g","url":"https:\/\/secure.gravatar.com\/avatar\/a722b9a4f985c4c3d25afb92c7b5d0fedde7830d9e589579a8db0de8a6aa9ef1?s=96&d=mm&r=g","contentUrl":"https:\/\/secure.gravatar.com\/avatar\/a722b9a4f985c4c3d25afb92c7b5d0fedde7830d9e589579a8db0de8a6aa9ef1?s=96&d=mm&r=g","caption":"Edel Hall"},"description":"Edel a \u00e9tudi\u00e9 l'h\u00f4tellerie \u00e0 l'universit\u00e9 et travaille depuis dans le secteur de l'h\u00f4tellerie, tant sur le plan op\u00e9rationnel que dans les coulisses. Avant de rejoindre PREM Hospitality, Edel s'est concentr\u00e9 sur la conformit\u00e9 des h\u00f4tels, en veillant \u00e0 ce que les normes et l'identit\u00e9 de la marque soient respect\u00e9es.","url":"https:\/\/www.premiersuiteseurope.com\/fr\/blog\/author\/ehallsprintdigital-com"}]}},"_links":{"self":[{"href":"https:\/\/www.premiersuiteseurope.com\/fr\/wp-json\/wp\/v2\/posts\/16942","targetHints":{"allow":["GET"]}}],"collection":[{"href":"https:\/\/www.premiersuiteseurope.com\/fr\/wp-json\/wp\/v2\/posts"}],"about":[{"href":"https:\/\/www.premiersuiteseurope.com\/fr\/wp-json\/wp\/v2\/types\/post"}],"author":[{"embeddable":true,"href":"https:\/\/www.premiersuiteseurope.com\/fr\/wp-json\/wp\/v2\/users\/2"}],"replies":[{"embeddable":true,"href":"https:\/\/www.premiersuiteseurope.com\/fr\/wp-json\/wp\/v2\/comments?post=16942"}],"version-history":[{"count":0,"href":"https:\/\/www.premiersuiteseurope.com\/fr\/wp-json\/wp\/v2\/posts\/16942\/revisions"}],"wp:featuredmedia":[{"embeddable":true,"href":"https:\/\/www.premiersuiteseurope.com\/fr\/wp-json\/wp\/v2\/media\/1240"}],"wp:attachment":[{"href":"https:\/\/www.premiersuiteseurope.com\/fr\/wp-json\/wp\/v2\/media?parent=16942"}],"wp:term":[{"taxonomy":"category","embeddable":true,"href":"https:\/\/www.premiersuiteseurope.com\/fr\/wp-json\/wp\/v2\/categories?post=16942"},{"taxonomy":"post_tag","embeddable":true,"href":"https:\/\/www.premiersuiteseurope.com\/fr\/wp-json\/wp\/v2\/tags?post=16942"}],"curies":[{"name":"wp","href":"https:\/\/api.w.org\/{rel}","templated":true}]}}