{"id":16353,"date":"2024-11-29T14:20:00","date_gmt":"2024-11-29T14:20:00","guid":{"rendered":"https:\/\/www.premiersuiteseurope.com\/?p=16353"},"modified":"2025-04-29T09:10:59","modified_gmt":"2025-04-29T09:10:59","slug":"what-you-should-know-about-antwerps-christmas-market-in-2024","status":"publish","type":"post","link":"https:\/\/www.premiersuiteseurope.com\/fr\/blog\/ce-quil-faut-savoir-sur-le-marche-de-noel-danvers-en-2024","title":{"rendered":"Ce qu'il faut savoir sur le march\u00e9 de No\u00ebl d'Anvers en 2024"},"content":{"rendered":"<div data-elementor-type=\"wp-post\" data-elementor-id=\"16353\" class=\"elementor elementor-16353\" data-elementor-post-type=\"post\">\n\t\t\t\t<div class=\"elementor-element elementor-element-d2563bd e-flex e-con-boxed e-con e-parent\" data-id=\"d2563bd\" data-element_type=\"container\" data-e-type=\"container\" data-settings=\"{&quot;jet_parallax_layout_list&quot;:[]}\">\n\t\t\t\t\t<div class=\"e-con-inner\">\n\t\t\t\t<div class=\"elementor-element elementor-element-93cbde2 elementor-widget elementor-widget-text-editor\" data-id=\"93cbde2\" data-element_type=\"widget\" data-e-type=\"widget\" data-widget_type=\"text-editor.default\">\n\t\t\t\t<div class=\"elementor-widget-container\">\n\t\t\t\t\t\t\t\t\t<p>Anvers est une plaque tournante pour la d\u00e9couverte d'id\u00e9es de cadeaux uniques. Explorez Wunderkammer et The Other Shop, o\u00f9 vous trouverez des articles tels que des carnets, des vases et des cadres photo. Pour des articles de mode et de d\u00e9coration, rendez-vous chez Juttu et Moose In The City, ou trouvez les meilleurs jouets pour tous les \u00e2ges chez In Den Olifant. Pour de beaux articles de maison, rendez-vous chez Dille &amp; Kamille.<\/p><p>Ne manquez pas The Box, un magasin \u00e9ph\u00e9m\u00e8re qui propose une s\u00e9lection de produits par roulement toutes les 2 \u00e0 6 semaines.<\/p>\t\t\t\t\t\t\t\t<\/div>\n\t\t\t\t<\/div>\n\t\t\t\t\t<\/div>\n\t\t\t\t<\/div>\n\t\t<div class=\"elementor-element elementor-element-058a348 e-flex e-con-boxed e-con e-parent\" data-id=\"058a348\" data-element_type=\"container\" data-e-type=\"container\" data-settings=\"{&quot;jet_parallax_layout_list&quot;:[]}\">\n\t\t\t\t\t<div class=\"e-con-inner\">\n\t\t\t\t<div class=\"elementor-element elementor-element-debf429 elementor-widget elementor-widget-heading\" data-id=\"debf429\" data-element_type=\"widget\" data-e-type=\"widget\" data-widget_type=\"heading.default\">\n\t\t\t\t<div class=\"elementor-widget-container\">\n\t\t\t\t\t<h2 class=\"elementor-heading-title elementor-size-default\">Quand et o\u00f9<\/h2>\t\t\t\t<\/div>\n\t\t\t\t<\/div>\n\t\t\t\t<div class=\"elementor-element elementor-element-b002835 elementor-widget elementor-widget-text-editor\" data-id=\"b002835\" data-element_type=\"widget\" data-e-type=\"widget\" data-widget_type=\"text-editor.default\">\n\t\t\t\t<div class=\"elementor-widget-container\">\n\t\t\t\t\t\t\t\t\t<p><strong><a href=\"https:\/\/www.kerstmarktantwerpen.be\/\">Le march\u00e9 de No\u00ebl d'Anvers 2024<\/a><\/strong> s'ex\u00e9cute \u00e0 partir de <strong>Du 7 d\u00e9cembre au 5 janvier<\/strong>Vous avez donc tout le temps de vous impr\u00e9gner de l'ambiance festive. Le march\u00e9 est r\u00e9parti sur plusieurs sites dans le centre-ville :<\/p><p><a href=\"https:\/\/visit.antwerpen.be\/grote-markt\"><strong>Grote Markt :<\/strong> <\/a>Le c\u0153ur du march\u00e9, avec un arbre de No\u00ebl imposant et de nombreux stands.<\/p><p><a href=\"https:\/\/visit.antwerpen.be\/het-steen\"><strong>Steenplein :<\/strong> <\/a>Parfait pour les familles, avec une patinoire et des activit\u00e9s pour les enfants.<\/p><p><a href=\"https:\/\/nl.wikipedia.org\/wiki\/Suikerrui\"><strong>Suikerrui :<\/strong> <\/a>Des stands de nourriture et de boissons avec une vue imprenable sur l'Escaut.<\/p><p><a href=\"https:\/\/nl.wikipedia.org\/wiki\/Groenplaats\"><strong>Groenplaats :<\/strong><\/a> Une place anim\u00e9e avec un m\u00e9lange de stands d'artisanat et de spectacles.<\/p><p>Chaque zone a sa propre ambiance, alors ne manquez pas de les explorer toutes.<\/p>\t\t\t\t\t\t\t\t<\/div>\n\t\t\t\t<\/div>\n\t\t\t\t\t<\/div>\n\t\t\t\t<\/div>\n\t\t<div class=\"elementor-element elementor-element-1c023ca e-flex e-con-boxed e-con e-parent\" data-id=\"1c023ca\" data-element_type=\"container\" data-e-type=\"container\" data-settings=\"{&quot;jet_parallax_layout_list&quot;:[]}\">\n\t\t\t\t\t<div class=\"e-con-inner\">\n\t\t\t\t<div class=\"elementor-element elementor-element-5580dbf elementor-widget elementor-widget-heading\" data-id=\"5580dbf\" data-element_type=\"widget\" data-e-type=\"widget\" data-widget_type=\"heading.default\">\n\t\t\t\t<div class=\"elementor-widget-container\">\n\t\t\t\t\t<h2 class=\"elementor-heading-title elementor-size-default\">\u00c0 quoi s'attendre<\/h2>\t\t\t\t<\/div>\n\t\t\t\t<\/div>\n\t\t\t\t<div class=\"elementor-element elementor-element-f4e59b7 elementor-widget elementor-widget-text-editor\" data-id=\"f4e59b7\" data-element_type=\"widget\" data-e-type=\"widget\" data-widget_type=\"text-editor.default\">\n\t\t\t\t<div class=\"elementor-widget-container\">\n\t\t\t\t\t\t\t\t\t<p>Le march\u00e9 de No\u00ebl d'Anvers, c'est bien plus que du shopping. En voici les points forts :<\/p><p><strong>Artisanat local :<\/strong> Des bijoux faits main aux ornements de f\u00eate, les stands regorgent de cadeaux uniques.<\/p><p><strong>Nourriture et boissons :<\/strong> Go\u00fbtez aux sp\u00e9cialit\u00e9s locales comme les gaufres belges, le chocolat et le vin chaud. Ne manquez pas le \"geni\u00e8vre\", un gin belge traditionnel.<\/p><p><strong>Patinage sur glace :<\/strong> La patinoire de Steenplein est id\u00e9ale pour s'amuser pendant les f\u00eates, que l'on soit patineur professionnel ou d\u00e9butant.<\/p><p><strong>Performances en direct :<\/strong> Des chanteurs de No\u00ebl, des musiciens et des artistes de rue se produiront tout au long du march\u00e9.<\/p><p><strong>Afficheurs lumineux :<\/strong> Toute la ville est illumin\u00e9e, cr\u00e9ant une atmosph\u00e8re magique propice aux promenades nocturnes.<\/p>\t\t\t\t\t\t\t\t<\/div>\n\t\t\t\t<\/div>\n\t\t\t\t\t<\/div>\n\t\t\t\t<\/div>\n\t\t<div class=\"elementor-element elementor-element-a19e480 e-flex e-con-boxed e-con e-parent\" data-id=\"a19e480\" data-element_type=\"container\" data-e-type=\"container\" data-settings=\"{&quot;jet_parallax_layout_list&quot;:[]}\">\n\t\t\t\t\t<div class=\"e-con-inner\">\n\t\t\t\t<div class=\"elementor-element elementor-element-8d6f4bb elementor-widget elementor-widget-heading\" data-id=\"8d6f4bb\" data-element_type=\"widget\" data-e-type=\"widget\" data-widget_type=\"heading.default\">\n\t\t\t\t<div class=\"elementor-widget-container\">\n\t\t\t\t\t<h2 class=\"elementor-heading-title elementor-size-default\">Se rendre sur place<\/h2>\t\t\t\t<\/div>\n\t\t\t\t<\/div>\n\t\t\t\t\t<\/div>\n\t\t\t\t<\/div>\n\t\t<div class=\"elementor-element elementor-element-0fab2c4 e-flex e-con-boxed e-con e-parent\" data-id=\"0fab2c4\" data-element_type=\"container\" data-e-type=\"container\" data-settings=\"{&quot;jet_parallax_layout_list&quot;:[]}\">\n\t\t\t\t\t<div class=\"e-con-inner\">\n\t\t\t\t<div class=\"elementor-element elementor-element-1897ad3 elementor-widget elementor-widget-text-editor\" data-id=\"1897ad3\" data-element_type=\"widget\" data-e-type=\"widget\" data-widget_type=\"text-editor.default\">\n\t\t\t\t<div class=\"elementor-widget-container\">\n\t\t\t\t\t\t\t\t\t<p>Le march\u00e9 de No\u00ebl d'Anvers est facilement accessible par les transports publics :<\/p><p><strong>Trams et bus :<\/strong> Le march\u00e9 se trouve \u00e0 distance de marche des arr\u00eats desservis par les trams et les bus De Lijn. Les principales lignes sont le tram 3 et le tram 5.<\/p><p><strong>Trains :<\/strong> Si vous venez de l'ext\u00e9rieur de la ville, la gare centrale d'Anvers se trouve \u00e0 quelques minutes \u00e0 pied ou en tramway du march\u00e9.<\/p><p><strong>Cyclisme :<\/strong> Anvers est favorable aux v\u00e9los, avec de nombreux parkings \u00e0 v\u00e9los pr\u00e8s des march\u00e9s.<\/p>\t\t\t\t\t\t\t\t<\/div>\n\t\t\t\t<\/div>\n\t\t\t\t\t<\/div>\n\t\t\t\t<\/div>\n\t\t<div class=\"elementor-element elementor-element-f88cf7d e-flex e-con-boxed e-con e-parent\" data-id=\"f88cf7d\" data-element_type=\"container\" data-e-type=\"container\" data-settings=\"{&quot;jet_parallax_layout_list&quot;:[]}\">\n\t\t\t\t\t<div class=\"e-con-inner\">\n\t\t\t\t<div class=\"elementor-element elementor-element-b48a34a elementor-widget elementor-widget-heading\" data-id=\"b48a34a\" data-element_type=\"widget\" data-e-type=\"widget\" data-widget_type=\"heading.default\">\n\t\t\t\t<div class=\"elementor-widget-container\">\n\t\t\t\t\t<h2 class=\"elementor-heading-title elementor-size-default\">conseils aux visiteurs <\/h2>\t\t\t\t<\/div>\n\t\t\t\t<\/div>\n\t\t\t\t<div class=\"elementor-element elementor-element-0ae1168 elementor-widget elementor-widget-text-editor\" data-id=\"0ae1168\" data-element_type=\"widget\" data-e-type=\"widget\" data-widget_type=\"text-editor.default\">\n\t\t\t\t<div class=\"elementor-widget-container\">\n\t\t\t\t\t\t\t\t\t<p><strong>Arriver t\u00f4t :<\/strong> Le march\u00e9 est tr\u00e8s fr\u00e9quent\u00e9, surtout le week-end. Pr\u00e9voyez donc votre visite pendant la journ\u00e9e pour une exp\u00e9rience plus tranquille.<\/p><p><strong>Apporter de l'argent liquide :<\/strong> Bien que de nombreux stands acceptent les cartes, il est conseill\u00e9 d'avoir un peu d'argent liquide \u00e0 port\u00e9e de main.<\/p><p><strong>Habillez-vous chaudement :<\/strong> En d\u00e9cembre, il peut faire froid \u00e0 Anvers. Il est donc conseill\u00e9 de se couvrir et de porter des chaussures confortables.<\/p><p>Avec son charme festif et son atmosph\u00e8re vibrante, le march\u00e9 de No\u00ebl d'Anvers est une visite incontournable cet hiver. Que vous voyagiez en famille, entre amis ou seul, c'est le moyen id\u00e9al de se plonger dans l'esprit des f\u00eates.<\/p>\t\t\t\t\t\t\t\t<\/div>\n\t\t\t\t<\/div>\n\t\t\t\t\t<\/div>\n\t\t\t\t<\/div>\n\t\t\t\t<\/div>","protected":false},"excerpt":{"rendered":"<p>Antwerp is a hub for discovering one-of-a-kind gift ideas. Explore Wunderkammer and The Other Shop, where you&#8217;ll find items like notebooks, vases, and photo frames. For fashion-forward and decorative picks, head to Juttu and Moose In The City, or find the best toys for all ages at In Den Olifant. For beautiful homeware check out [&hellip;]<\/p>\n","protected":false},"author":29,"featured_media":16356,"comment_status":"closed","ping_status":"closed","sticky":false,"template":"","format":"standard","meta":{"_acf_changed":false,"footnotes":""},"categories":[265,287,266],"tags":[332,301,1240,391],"class_list":["post-16353","post","type-post","status-publish","format-standard","has-post-thumbnail","hentry","category-antwerp","category-belgium","category-premier-suites-antwerp","tag-antwerp","tag-christmas","tag-premiersuitesantwerp","tag-serviced-apartments"],"acf":[],"yoast_head":"<!-- This site is optimized with the Yoast SEO Premium plugin v28.3 (Yoast SEO v28.4) - https:\/\/yoast.com\/product\/yoast-seo-premium-wordpress\/ -->\n<title>What You Should Know About Antwerp&#039;s Christmas Market in 2024 | PREMIER SUITES Serviced Apartments<\/title>\n<meta name=\"description\" content=\"Plan your festive getaway with our guide to Antwerp\u2019s Christmas Market 2024. Discover seasonal treats, lights, and family fun\" \/>\n<meta name=\"robots\" content=\"index, follow, max-snippet:-1, max-image-preview:large, max-video-preview:-1\" \/>\n<link rel=\"canonical\" href=\"https:\/\/www.premiersuiteseurope.com\/fr\/blog\/ce-quil-faut-savoir-sur-le-marche-de-noel-danvers-en-2024\/\" \/>\n<meta property=\"og:locale\" content=\"fr_FR\" \/>\n<meta property=\"og:type\" content=\"article\" \/>\n<meta property=\"og:title\" content=\"What You Should Know About Antwerp&#039;s Christmas Market in 2024\" \/>\n<meta property=\"og:description\" content=\"Plan your festive getaway with our guide to Antwerp\u2019s Christmas Market 2024. Discover seasonal treats, lights, and family fun\" \/>\n<meta property=\"og:url\" content=\"https:\/\/www.premiersuiteseurope.com\/fr\/blog\/ce-quil-faut-savoir-sur-le-marche-de-noel-danvers-en-2024\/\" \/>\n<meta property=\"og:site_name\" content=\"PREMIER SUITES Serviced Apartments\" \/>\n<meta property=\"article:publisher\" content=\"https:\/\/www.facebook.com\/premiersuites.eu\" \/>\n<meta property=\"article:published_time\" content=\"2024-11-29T14:20:00+00:00\" \/>\n<meta property=\"article:modified_time\" content=\"2025-04-29T09:10:59+00:00\" \/>\n<meta property=\"og:image\" content=\"https:\/\/www.premiersuiteseurope.com\/wp-content\/uploads\/2024\/11\/Christmas-Antwerp-1024x436.png\" \/>\n\t<meta property=\"og:image:width\" content=\"1024\" \/>\n\t<meta property=\"og:image:height\" content=\"436\" \/>\n\t<meta property=\"og:image:type\" content=\"image\/png\" \/>\n<meta name=\"author\" content=\"Arusha Khan\" \/>\n<meta name=\"twitter:card\" content=\"summary_large_image\" \/>\n<meta name=\"twitter:creator\" content=\"@premiersuiteseu\" \/>\n<meta name=\"twitter:site\" content=\"@premiersuiteseu\" \/>\n<meta name=\"twitter:label1\" content=\"\u00c9crit par\" \/>\n\t<meta name=\"twitter:data1\" content=\"Arusha Khan\" \/>\n\t<meta name=\"twitter:label2\" content=\"Dur\u00e9e de lecture est.\" \/>\n\t<meta name=\"twitter:data2\" content=\"3 minutes\" \/>\n<script type=\"application\/ld+json\" class=\"yoast-schema-graph\">{\"@context\":\"https:\\\/\\\/schema.org\",\"@graph\":[{\"@type\":\"Article\",\"@id\":\"https:\\\/\\\/www.premiersuiteseurope.com\\\/blog\\\/what-you-should-know-about-antwerps-christmas-market-in-2024#article\",\"isPartOf\":{\"@id\":\"https:\\\/\\\/www.premiersuiteseurope.com\\\/blog\\\/what-you-should-know-about-antwerps-christmas-market-in-2024\"},\"author\":{\"name\":\"Arusha Khan\",\"@id\":\"https:\\\/\\\/www.premiersuiteseurope.com\\\/#\\\/schema\\\/person\\\/20736a737b4e2178e23d141d0dfb7918\"},\"headline\":\"What You Should Know About Antwerp&#8217;s Christmas Market in 2024\",\"datePublished\":\"2024-11-29T14:20:00+00:00\",\"dateModified\":\"2025-04-29T09:10:59+00:00\",\"mainEntityOfPage\":{\"@id\":\"https:\\\/\\\/www.premiersuiteseurope.com\\\/blog\\\/what-you-should-know-about-antwerps-christmas-market-in-2024\"},\"wordCount\":456,\"publisher\":{\"@id\":\"https:\\\/\\\/www.premiersuiteseurope.com\\\/#organization\"},\"image\":{\"@id\":\"https:\\\/\\\/www.premiersuiteseurope.com\\\/blog\\\/what-you-should-know-about-antwerps-christmas-market-in-2024#primaryimage\"},\"thumbnailUrl\":\"https:\\\/\\\/www.premiersuiteseurope.com\\\/wp-content\\\/uploads\\\/2024\\\/11\\\/Christmas-Antwerp.png\",\"keywords\":[\"Antwerp\",\"Christmas\",\"PREMIERSUITESAntwerp\",\"Serviced Apartments\"],\"articleSection\":[\"Antwerp\",\"Belgium\",\"PREMIER SUITES Antwerp\"],\"inLanguage\":\"fr-BE\"},{\"@type\":\"WebPage\",\"@id\":\"https:\\\/\\\/www.premiersuiteseurope.com\\\/blog\\\/what-you-should-know-about-antwerps-christmas-market-in-2024\",\"url\":\"https:\\\/\\\/www.premiersuiteseurope.com\\\/blog\\\/what-you-should-know-about-antwerps-christmas-market-in-2024\",\"name\":\"What You Should Know About Antwerp's Christmas Market in 2024 | PREMIER SUITES Serviced Apartments\",\"isPartOf\":{\"@id\":\"https:\\\/\\\/www.premiersuiteseurope.com\\\/#website\"},\"primaryImageOfPage\":{\"@id\":\"https:\\\/\\\/www.premiersuiteseurope.com\\\/blog\\\/what-you-should-know-about-antwerps-christmas-market-in-2024#primaryimage\"},\"image\":{\"@id\":\"https:\\\/\\\/www.premiersuiteseurope.com\\\/blog\\\/what-you-should-know-about-antwerps-christmas-market-in-2024#primaryimage\"},\"thumbnailUrl\":\"https:\\\/\\\/www.premiersuiteseurope.com\\\/wp-content\\\/uploads\\\/2024\\\/11\\\/Christmas-Antwerp.png\",\"datePublished\":\"2024-11-29T14:20:00+00:00\",\"dateModified\":\"2025-04-29T09:10:59+00:00\",\"description\":\"Plan your festive getaway with our guide to Antwerp\u2019s Christmas Market 2024. Discover seasonal treats, lights, and family fun\",\"breadcrumb\":{\"@id\":\"https:\\\/\\\/www.premiersuiteseurope.com\\\/blog\\\/what-you-should-know-about-antwerps-christmas-market-in-2024#breadcrumb\"},\"inLanguage\":\"fr-BE\",\"potentialAction\":[{\"@type\":\"ReadAction\",\"target\":[\"https:\\\/\\\/www.premiersuiteseurope.com\\\/blog\\\/what-you-should-know-about-antwerps-christmas-market-in-2024\"]}]},{\"@type\":\"ImageObject\",\"inLanguage\":\"fr-BE\",\"@id\":\"https:\\\/\\\/www.premiersuiteseurope.com\\\/blog\\\/what-you-should-know-about-antwerps-christmas-market-in-2024#primaryimage\",\"url\":\"https:\\\/\\\/www.premiersuiteseurope.com\\\/wp-content\\\/uploads\\\/2024\\\/11\\\/Christmas-Antwerp.png\",\"contentUrl\":\"https:\\\/\\\/www.premiersuiteseurope.com\\\/wp-content\\\/uploads\\\/2024\\\/11\\\/Christmas-Antwerp.png\",\"width\":1920,\"height\":818,\"caption\":\"Christmas tree set-up in Antwerp\"},{\"@type\":\"BreadcrumbList\",\"@id\":\"https:\\\/\\\/www.premiersuiteseurope.com\\\/blog\\\/what-you-should-know-about-antwerps-christmas-market-in-2024#breadcrumb\",\"itemListElement\":[{\"@type\":\"ListItem\",\"position\":1,\"name\":\"Home\",\"item\":\"https:\\\/\\\/www.premiersuiteseurope.com\\\/en\\\/\"},{\"@type\":\"ListItem\",\"position\":2,\"name\":\"What You Should Know About Antwerp&#8217;s Christmas Market in 2024\"}]},{\"@type\":\"WebSite\",\"@id\":\"https:\\\/\\\/www.premiersuiteseurope.com\\\/#website\",\"url\":\"https:\\\/\\\/www.premiersuiteseurope.com\\\/\",\"name\":\"PREMIER SUITES Serviced Apartments\",\"description\":\"Serviced Apartments in Europe\",\"publisher\":{\"@id\":\"https:\\\/\\\/www.premiersuiteseurope.com\\\/#organization\"},\"potentialAction\":[{\"@type\":\"SearchAction\",\"target\":{\"@type\":\"EntryPoint\",\"urlTemplate\":\"https:\\\/\\\/www.premiersuiteseurope.com\\\/?s={search_term_string}\"},\"query-input\":{\"@type\":\"PropertyValueSpecification\",\"valueRequired\":true,\"valueName\":\"search_term_string\"}}],\"inLanguage\":\"fr-BE\"},{\"@type\":\"Organization\",\"@id\":\"https:\\\/\\\/www.premiersuiteseurope.com\\\/#organization\",\"name\":\"PREMIER SUITES Serviced Apartments\",\"url\":\"https:\\\/\\\/www.premiersuiteseurope.com\\\/\",\"logo\":{\"@type\":\"ImageObject\",\"inLanguage\":\"fr-BE\",\"@id\":\"https:\\\/\\\/www.premiersuiteseurope.com\\\/#\\\/schema\\\/logo\\\/image\\\/\",\"url\":\"\",\"contentUrl\":\"\",\"caption\":\"PREMIER SUITES Serviced Apartments\"},\"image\":{\"@id\":\"https:\\\/\\\/www.premiersuiteseurope.com\\\/#\\\/schema\\\/logo\\\/image\\\/\"},\"sameAs\":[\"https:\\\/\\\/www.facebook.com\\\/premiersuites.eu\",\"https:\\\/\\\/x.com\\\/premiersuiteseu\",\"https:\\\/\\\/www.instagram.com\\\/premiersuites\\\/\",\"https:\\\/\\\/www.linkedin.com\\\/company\\\/premier-suites\\\/\",\"https:\\\/\\\/www.youtube.com\\\/user\\\/PremierApartments\"]},{\"@type\":\"Person\",\"@id\":\"https:\\\/\\\/www.premiersuiteseurope.com\\\/#\\\/schema\\\/person\\\/20736a737b4e2178e23d141d0dfb7918\",\"name\":\"Arusha Khan\",\"image\":{\"@type\":\"ImageObject\",\"inLanguage\":\"fr-BE\",\"@id\":\"https:\\\/\\\/secure.gravatar.com\\\/avatar\\\/40dbc62e19517e4f8b85fa56a338c07b58cea9f72531314de31d0a1a7faf6f81?s=96&d=mm&r=g\",\"url\":\"https:\\\/\\\/secure.gravatar.com\\\/avatar\\\/40dbc62e19517e4f8b85fa56a338c07b58cea9f72531314de31d0a1a7faf6f81?s=96&d=mm&r=g\",\"contentUrl\":\"https:\\\/\\\/secure.gravatar.com\\\/avatar\\\/40dbc62e19517e4f8b85fa56a338c07b58cea9f72531314de31d0a1a7faf6f81?s=96&d=mm&r=g\",\"caption\":\"Arusha Khan\"},\"url\":\"https:\\\/\\\/www.premiersuiteseurope.com\\\/fr\\\/blog\\\/author\\\/akhanprem-hospitality-com\"}]}<\/script>\n<!-- \/ Yoast SEO Premium plugin. -->","yoast_head_json":{"title":"Ce qu'il faut savoir sur le march\u00e9 de No\u00ebl d'Anvers en 2024 | PREMIER SUITES Serviced Apartments","description":"Planifiez votre escapade festive avec notre guide du March\u00e9 de No\u00ebl 2024 d'Anvers. D\u00e9couvrez les d\u00e9lices de la saison, les lumi\u00e8res et les plaisirs en famille.","robots":{"index":"index","follow":"follow","max-snippet":"max-snippet:-1","max-image-preview":"max-image-preview:large","max-video-preview":"max-video-preview:-1"},"canonical":"https:\/\/www.premiersuiteseurope.com\/fr\/blog\/ce-quil-faut-savoir-sur-le-marche-de-noel-danvers-en-2024\/","og_locale":"fr_FR","og_type":"article","og_title":"What You Should Know About Antwerp's Christmas Market in 2024","og_description":"Plan your festive getaway with our guide to Antwerp\u2019s Christmas Market 2024. Discover seasonal treats, lights, and family fun","og_url":"https:\/\/www.premiersuiteseurope.com\/fr\/blog\/ce-quil-faut-savoir-sur-le-marche-de-noel-danvers-en-2024\/","og_site_name":"PREMIER SUITES Serviced Apartments","article_publisher":"https:\/\/www.facebook.com\/premiersuites.eu","article_published_time":"2024-11-29T14:20:00+00:00","article_modified_time":"2025-04-29T09:10:59+00:00","og_image":[{"width":1024,"height":436,"url":"https:\/\/www.premiersuiteseurope.com\/wp-content\/uploads\/2024\/11\/Christmas-Antwerp-1024x436.png","type":"image\/png"}],"author":"Arusha Khan","twitter_card":"summary_large_image","twitter_creator":"@premiersuiteseu","twitter_site":"@premiersuiteseu","twitter_misc":{"\u00c9crit par":"Arusha Khan","Dur\u00e9e de lecture est.":"3 minutes"},"schema":{"@context":"https:\/\/schema.org","@graph":[{"@type":"Article","@id":"https:\/\/www.premiersuiteseurope.com\/blog\/what-you-should-know-about-antwerps-christmas-market-in-2024#article","isPartOf":{"@id":"https:\/\/www.premiersuiteseurope.com\/blog\/what-you-should-know-about-antwerps-christmas-market-in-2024"},"author":{"name":"Arusha Khan","@id":"https:\/\/www.premiersuiteseurope.com\/#\/schema\/person\/20736a737b4e2178e23d141d0dfb7918"},"headline":"What You Should Know About Antwerp&#8217;s Christmas Market in 2024","datePublished":"2024-11-29T14:20:00+00:00","dateModified":"2025-04-29T09:10:59+00:00","mainEntityOfPage":{"@id":"https:\/\/www.premiersuiteseurope.com\/blog\/what-you-should-know-about-antwerps-christmas-market-in-2024"},"wordCount":456,"publisher":{"@id":"https:\/\/www.premiersuiteseurope.com\/#organization"},"image":{"@id":"https:\/\/www.premiersuiteseurope.com\/blog\/what-you-should-know-about-antwerps-christmas-market-in-2024#primaryimage"},"thumbnailUrl":"https:\/\/www.premiersuiteseurope.com\/wp-content\/uploads\/2024\/11\/Christmas-Antwerp.png","keywords":["Antwerp","Christmas","PREMIERSUITESAntwerp","Serviced Apartments"],"articleSection":["Antwerp","Belgium","PREMIER SUITES Antwerp"],"inLanguage":"fr-BE"},{"@type":"WebPage","@id":"https:\/\/www.premiersuiteseurope.com\/blog\/what-you-should-know-about-antwerps-christmas-market-in-2024","url":"https:\/\/www.premiersuiteseurope.com\/blog\/what-you-should-know-about-antwerps-christmas-market-in-2024","name":"Ce qu'il faut savoir sur le march\u00e9 de No\u00ebl d'Anvers en 2024 | PREMIER SUITES Serviced Apartments","isPartOf":{"@id":"https:\/\/www.premiersuiteseurope.com\/#website"},"primaryImageOfPage":{"@id":"https:\/\/www.premiersuiteseurope.com\/blog\/what-you-should-know-about-antwerps-christmas-market-in-2024#primaryimage"},"image":{"@id":"https:\/\/www.premiersuiteseurope.com\/blog\/what-you-should-know-about-antwerps-christmas-market-in-2024#primaryimage"},"thumbnailUrl":"https:\/\/www.premiersuiteseurope.com\/wp-content\/uploads\/2024\/11\/Christmas-Antwerp.png","datePublished":"2024-11-29T14:20:00+00:00","dateModified":"2025-04-29T09:10:59+00:00","description":"Planifiez votre escapade festive avec notre guide du March\u00e9 de No\u00ebl 2024 d'Anvers. D\u00e9couvrez les d\u00e9lices de la saison, les lumi\u00e8res et les plaisirs en famille.","breadcrumb":{"@id":"https:\/\/www.premiersuiteseurope.com\/blog\/what-you-should-know-about-antwerps-christmas-market-in-2024#breadcrumb"},"inLanguage":"fr-BE","potentialAction":[{"@type":"ReadAction","target":["https:\/\/www.premiersuiteseurope.com\/blog\/what-you-should-know-about-antwerps-christmas-market-in-2024"]}]},{"@type":"ImageObject","inLanguage":"fr-BE","@id":"https:\/\/www.premiersuiteseurope.com\/blog\/what-you-should-know-about-antwerps-christmas-market-in-2024#primaryimage","url":"https:\/\/www.premiersuiteseurope.com\/wp-content\/uploads\/2024\/11\/Christmas-Antwerp.png","contentUrl":"https:\/\/www.premiersuiteseurope.com\/wp-content\/uploads\/2024\/11\/Christmas-Antwerp.png","width":1920,"height":818,"caption":"Christmas tree set-up in Antwerp"},{"@type":"BreadcrumbList","@id":"https:\/\/www.premiersuiteseurope.com\/blog\/what-you-should-know-about-antwerps-christmas-market-in-2024#breadcrumb","itemListElement":[{"@type":"ListItem","position":1,"name":"Home","item":"https:\/\/www.premiersuiteseurope.com\/en\/"},{"@type":"ListItem","position":2,"name":"What You Should Know About Antwerp&#8217;s Christmas Market in 2024"}]},{"@type":"WebSite","@id":"https:\/\/www.premiersuiteseurope.com\/#website","url":"https:\/\/www.premiersuiteseurope.com\/","name":"PREMIER SUITES Appartements avec services","description":"Appartements avec services en Europe","publisher":{"@id":"https:\/\/www.premiersuiteseurope.com\/#organization"},"potentialAction":[{"@type":"SearchAction","target":{"@type":"EntryPoint","urlTemplate":"https:\/\/www.premiersuiteseurope.com\/?s={search_term_string}"},"query-input":{"@type":"PropertyValueSpecification","valueRequired":true,"valueName":"search_term_string"}}],"inLanguage":"fr-BE"},{"@type":"Organization","@id":"https:\/\/www.premiersuiteseurope.com\/#organization","name":"PREMIER SUITES Appartements avec services","url":"https:\/\/www.premiersuiteseurope.com\/","logo":{"@type":"ImageObject","inLanguage":"fr-BE","@id":"https:\/\/www.premiersuiteseurope.com\/#\/schema\/logo\/image\/","url":"","contentUrl":"","caption":"PREMIER SUITES Serviced Apartments"},"image":{"@id":"https:\/\/www.premiersuiteseurope.com\/#\/schema\/logo\/image\/"},"sameAs":["https:\/\/www.facebook.com\/premiersuites.eu","https:\/\/x.com\/premiersuiteseu","https:\/\/www.instagram.com\/premiersuites\/","https:\/\/www.linkedin.com\/company\/premier-suites\/","https:\/\/www.youtube.com\/user\/PremierApartments"]},{"@type":"Person","@id":"https:\/\/www.premiersuiteseurope.com\/#\/schema\/person\/20736a737b4e2178e23d141d0dfb7918","name":"Arusha Khan","image":{"@type":"ImageObject","inLanguage":"fr-BE","@id":"https:\/\/secure.gravatar.com\/avatar\/40dbc62e19517e4f8b85fa56a338c07b58cea9f72531314de31d0a1a7faf6f81?s=96&d=mm&r=g","url":"https:\/\/secure.gravatar.com\/avatar\/40dbc62e19517e4f8b85fa56a338c07b58cea9f72531314de31d0a1a7faf6f81?s=96&d=mm&r=g","contentUrl":"https:\/\/secure.gravatar.com\/avatar\/40dbc62e19517e4f8b85fa56a338c07b58cea9f72531314de31d0a1a7faf6f81?s=96&d=mm&r=g","caption":"Arusha Khan"},"url":"https:\/\/www.premiersuiteseurope.com\/fr\/blog\/author\/akhanprem-hospitality-com"}]}},"_links":{"self":[{"href":"https:\/\/www.premiersuiteseurope.com\/fr\/wp-json\/wp\/v2\/posts\/16353","targetHints":{"allow":["GET"]}}],"collection":[{"href":"https:\/\/www.premiersuiteseurope.com\/fr\/wp-json\/wp\/v2\/posts"}],"about":[{"href":"https:\/\/www.premiersuiteseurope.com\/fr\/wp-json\/wp\/v2\/types\/post"}],"author":[{"embeddable":true,"href":"https:\/\/www.premiersuiteseurope.com\/fr\/wp-json\/wp\/v2\/users\/29"}],"replies":[{"embeddable":true,"href":"https:\/\/www.premiersuiteseurope.com\/fr\/wp-json\/wp\/v2\/comments?post=16353"}],"version-history":[{"count":0,"href":"https:\/\/www.premiersuiteseurope.com\/fr\/wp-json\/wp\/v2\/posts\/16353\/revisions"}],"wp:featuredmedia":[{"embeddable":true,"href":"https:\/\/www.premiersuiteseurope.com\/fr\/wp-json\/wp\/v2\/media\/16356"}],"wp:attachment":[{"href":"https:\/\/www.premiersuiteseurope.com\/fr\/wp-json\/wp\/v2\/media?parent=16353"}],"wp:term":[{"taxonomy":"category","embeddable":true,"href":"https:\/\/www.premiersuiteseurope.com\/fr\/wp-json\/wp\/v2\/categories?post=16353"},{"taxonomy":"post_tag","embeddable":true,"href":"https:\/\/www.premiersuiteseurope.com\/fr\/wp-json\/wp\/v2\/tags?post=16353"}],"curies":[{"name":"wp","href":"https:\/\/api.w.org\/{rel}","templated":true}]}}