{"id":18207,"date":"2025-12-03T17:02:33","date_gmt":"2025-12-03T17:02:33","guid":{"rendered":"https:\/\/www.premiersuiteseurope.com\/?p=18207"},"modified":"2025-12-18T12:00:38","modified_gmt":"2025-12-18T12:00:38","slug":"premier-suites-2025-highlights","status":"publish","type":"post","link":"https:\/\/www.premiersuiteseurope.com\/de\/blog\/premier-suites-2025-hohepunkte","title":{"rendered":"PREMIER SUITES 2025 H\u00f6hepunkte"},"content":{"rendered":"<div data-elementor-type=\"wp-post\" data-elementor-id=\"18207\" class=\"elementor elementor-18207\" data-elementor-post-type=\"post\">\n\t\t\t\t<div class=\"elementor-element elementor-element-7882f8d e-flex e-con-boxed e-con e-parent\" data-id=\"7882f8d\" data-element_type=\"container\" data-e-type=\"container\" data-settings=\"{&quot;jet_parallax_layout_list&quot;:[]}\">\n\t\t\t\t\t<div class=\"e-con-inner\">\n\t\t\t\t<div class=\"elementor-element elementor-element-9b42de2 elementor-widget elementor-widget-text-editor\" data-id=\"9b42de2\" data-element_type=\"widget\" data-e-type=\"widget\" data-widget_type=\"text-editor.default\">\n\t\t\t\t<div class=\"elementor-widget-container\">\n\t\t\t\t\t\t\t\t\t<p>Da wir uns dem Ende des Jahres 2025 n\u00e4hern, m\u00f6chten wir all unseren G\u00e4sten, Kollegen, Lieferanten, Aktion\u00e4ren und Unterst\u00fctzern des vergangenen Jahres unsere herzlichsten Weihnachtsgr\u00fc\u00dfe \u00fcbermitteln.<\/p><p>Ihre Unterst\u00fctzung war f\u00fcr unsere Reise von unsch\u00e4tzbarem Wert - vielen Dank, dass Sie daran teilhaben konnten.<\/p><p>Nehmen Sie sich mit uns einen Moment Zeit, um in Erinnerungen zu schwelgen und einige unserer Highlights aus dem Jahr 2025 zu genie\u00dfen.<\/p><h3>\u00a0<\/h3><h3>J\u00e4hrliche Wohlt\u00e4tigkeitsveranstaltung<\/h3><p>Bereits im zweiten Jahr wird die j\u00e4hrliche <a href=\"https:\/\/www.premgroup.com\/blog\/prem-group-annual-charity-event-2025\" target=\"_blank\" rel=\"noopener\">Wohlt\u00e4tigkeitsveranstaltung der PREM-Gruppe<\/a> sammelt Spenden f\u00fcr eine Wohlt\u00e4tigkeitsorganisation, die uns sehr am Herzen liegt. <a href=\"https:\/\/www.premgroup.com\/beyond-the-moon-charity\" target=\"_blank\" rel=\"noopener\">Jenseits des Mondes<\/a>.<\/p><p>Zwei Wochen lang veranstalteten unsere Einrichtungen in Irland, dem Vereinigten K\u00f6nigreich, Belgien und den Niederlanden eine breite Palette von lokalen Spendenaktionen.<\/p><p>Wir freuen uns, dass unsere Wohlt\u00e4tigkeitsveranstaltung zusammen mit dem Charity-Golftag im Jahr 2025 bisher \u00fcber <b>\u20ac34,400<\/b> der direkt an die wirkungsvolle Arbeit von Beyond the Moon geht, die Familien mit einem kranken Kind unterst\u00fctzen wird.<\/p><p>Zusammen mit allen von der PREM-Gruppe seit Beginn unserer Zusammenarbeit mit Beyond the Moon im Jahr 2006 gesammelten Geldern belaufen sich unsere gesamten Spendenbem\u00fchungen nun auf<b> \u20ac346,010<\/b> - genug, um 80 schwerkranken Kindern und ihren Familien den Urlaub ihres Lebens zu erm\u00f6glichen. Es w\u00e4re eine Untertreibung zu sagen, dass wir \u00fcber die f\u00fcr unsere nominierte Wohlt\u00e4tigkeitsorganisation Beyond the Moon gesammelten Gelder begeistert sind.<\/p><p>Lesen Sie den Blog der PREM-Gruppe, um mehr \u00fcber unser Unternehmen zu erfahren\u00a0<a href=\"https:\/\/www.premgroup.com\/blog\/prem-group-annual-charity-event-2025\" target=\"_blank\" rel=\"noopener\">Wohlt\u00e4tigkeitsveranstaltung<\/a>\u00a0und unser\u00a0<a href=\"https:\/\/www.premgroup.com\/blog\/beyond-the-moon-charity-golf-day-2025\" target=\"_blank\" rel=\"noopener\">Wohlt\u00e4tigkeits-Golftag<\/a>.\u00a0<\/p><h3>\u00a0<\/h3><h3>ASAP-Anerkennungspreise<\/h3><p>Wir sind unglaublich stolz darauf, dass Shawna O'Mara, unsere Front Office Supervisorin bei PREMIER SUITES Rotterdam, den ASAP - The\u00a0<a href=\"https:\/\/www.linkedin.com\/feed\/update\/urn:li:activity:7401574308021694464\" target=\"_blank\" rel=\"noopener\">Auszeichnung \u2018Newcomer des Jahres\u2019 durch die Association of Serviced Apartment Providers<\/a>.<\/p><p>Seit sie im April 2024 zu uns gesto\u00dfen ist, hat Shawna unser Team mit un\u00fcbertroffener Herzlichkeit, F\u00fchrungsst\u00e4rke und Innovation bereichert. Ihre frischen Ideen, strukturierten Prozesse und ihr Ruf als \u201cOracle Oracle\u201d haben unsere Abl\u00e4ufe in allen Liegenschaften verbessert.<\/p><p>Shawnas Ansatz, den Menschen in den Mittelpunkt zu stellen, hat ein belastbares, motiviertes Team aufgebaut und unvergessliche Momente f\u00fcr die G\u00e4ste geschaffen, die sich in steigenden Bewertungszahlen und unz\u00e4hligen positiven Erw\u00e4hnungen widerspiegeln. Von der Betreuung von Kollegen bis zur Umwandlung von Herausforderungen in Chancen - ihr Engagement ist jeden Tag sp\u00fcrbar.<\/p><h3>\u00a0<\/h3><h3>Auszeichnung f\u00fcr die ESG-Initiative von Synergy als bester Partner f\u00fcr EMEA<\/h3><p>Wir waren hocherfreut, nominiert zu sein f\u00fcr <a href=\"https:\/\/www.synergyhousing.com\/the-synergies\" target=\"_blank\" rel=\"noopener\">Bester Partner ESG-Initiative<\/a>\u00a0Auszeichnung, mit der diejenigen gew\u00fcrdigt werden, die sich konsequent f\u00fcr die F\u00f6rderung der Unternehmensverantwortung in der Serviced-Apartment-Branche einsetzen.<\/p><p>Mit dieser Auszeichnung werden u. a. Innovation, Engagement und ein starker Einsatz f\u00fcr Nachhaltigkeit, Vielfalt und Datensicherheit gew\u00fcrdigt.<\/p><h3>\u00a0<\/h3><h3>Ovations Auszeichnungen - Osprey<\/h3><p>Unsere Teams im Vereinigten K\u00f6nigreich und in Irland nahmen an den j\u00e4hrlichen PREM Ovation Awards teil, bei denen die Kollegen f\u00fcr einen Tag zusammenkamen, der der Anerkennung des Engagements, der Leistungen und des au\u00dfergew\u00f6hnlichen Geistes unserer Teams gewidmet war - mit einer lebhaften Feier und einem k\u00f6stlichen Mittagessen zur Feier des Tages.<\/p><p>Informieren Sie sich \u00fcber die Erfolge unseres Teams im Jahr 2025 in unserem <a href=\"https:\/\/www.premgroup.com\/blog\/prem-ovation-awards-2025\" target=\"_blank\" rel=\"noopener\">Ovation Awards Blog<\/a>.\u00a0<\/p><h3>\u00a0<\/h3><h3>Der Freizeit- und Tourismuspreis\u00a0<\/h3><p>PREMIER SUITES Reading wurde in die engere Wahl genommen f\u00fcr <a href=\"https:\/\/www.thamesvalleyawards.co.uk\/\" target=\"_blank\" rel=\"noopener\">\u2018Der Freizeit- und Tourismuspreis\u2019.\u2019 <\/a>bei den Great British Expo Thames Valley Business &amp; Community Awards.<\/p><p>Sie wurden in die engere Auswahl genommen, weil sie sich in au\u00dfergew\u00f6hnlicher Weise daf\u00fcr einsetzen, Besuchern, Touristen und Gesch\u00e4ftsreisenden im Thames Valley ein au\u00dfergew\u00f6hnliches Erlebnis zu bieten, und weil sie einen Beitrag zur lokalen Gemeinschaft leisten.<\/p><h3>\u00a0<\/h3><h3>Einf\u00fchrung von Kohlenstoffrechnern f\u00fcr alle Standorte<\/h3><p>In diesem Jahr hat jede unserer Liegenschaften eine Bewertung mit einem Kohlenstoffrechner durchgef\u00fchrt, um die\u00a0<a href=\"https:\/\/www.linkedin.com\/feed\/update\/urn:li:activity:7295120633829490692\" target=\"_blank\" rel=\"noopener\">Kohlenstoff-Fu\u00dfabdruck, den jede unserer Wohnungen hinterl\u00e4sst<\/a>.\u00a0<\/p><p>Wir erm\u00f6glichen es unseren G\u00e4sten, die Auswirkungen ihres Aufenthalts auf die Umwelt zu erkennen und fundierte Entscheidungen zu treffen. Nachhaltigkeit steht im Mittelpunkt unseres Handelns, und wir laden unsere G\u00e4ste ein, Teil unserer Reise in eine gr\u00fcnere Zukunft zu sein.<\/p><p>Der internationale Benchmark f\u00fcr den CO2-Fu\u00dfabdruck von Serviced Apartments liegt derzeit bei 14,34 kg CO2-e pro Gastnacht. Wir freuen uns, dass jedes unserer H\u00e4user weniger als diesen Richtwert ausst\u00f6\u00dft.\u00a0<\/p><h3>\u00a0<\/h3><h3>BREEAM In-Use-Bewertung \u2018Ausgezeichnet<\/h3><p>Im Februar 2025 ist PREMIER SUITES Edinburgh Fountain Court stolz darauf\u00a0<a href=\"https:\/\/www.premiersuiteseurope.com\/de\/standorte\/vereinigtes-reich\/edinburgh\/serviced-apartments-brunnen-hof\/nachhaltigkeit-2\/\" target=\"_blank\" rel=\"noopener\">das Erreichen der BREEAM In-Use-Zertifizierung bekannt gegeben<\/a>, einem weltweit anerkannten Standard f\u00fcr nachhaltige Geb\u00e4udeleistungen.<\/p><p>Diese Zertifizierung spiegelt das Engagement des Hotels wider, die Auswirkungen auf die Umwelt zu reduzieren und gleichzeitig den Komfort und das Erlebnis der G\u00e4ste zu verbessern.<\/p><p>Nur etwa 10% der renovierten Geb\u00e4ude im Vereinigten K\u00f6nigreich erreichen eine \"ausgezeichnete\" Bewertung, so dass diese Akkreditierung eine bedeutende Leistung darstellt.<\/p><h3>\u00a0<\/h3><h3>Liverpool Hospitality People Awards<\/h3><p><a style=\"background-color: #ffffff;\" href=\"https:\/\/www.liverpoolchamber.org.uk\/news\/2025\/05\/liverpool-hospitality-people-awards-winners-revealed-2\/\" target=\"_blank\" rel=\"noopener\">People Awards der Liverpooler Gastgewerbevereinigung<\/a>\u00a0feiern die talentierten Menschen, die das Herzst\u00fcck des lebendigen Liverpooler Gastgewerbes und des Einzelhandels bilden. Sie werfen ein Schlaglicht auf die hellsten Sterne des Gastgewerbes und des Einzelhandels und ehren einige herausragende Pers\u00f6nlichkeiten, die Leidenschaft, Hingabe und Engagement beweisen.<\/p><p>Wir sind unglaublich stolz darauf, dass PREMIER SUITES Liverpool in die engere Auswahl f\u00fcr den\u00a0<span style=\"font-weight: bolder;\">Front des Hauses<\/span>\u00a0Kategorie und gewann den \u00a0<span style=\"font-weight: bolder;\">Unbesungener Held<\/span>\u00a0Kategorie<span style=\"font-weight: bolder;\">.\u00a0<\/span><\/p><h3>\u00a0<\/h3><h3>Selbstversorgerunterkunft des Jahres\u00a0<\/h3><p>PREMIER SUITES Liverpool wurde in die engere Wahl genommen f\u00fcr <a href=\"https:\/\/liverpoolcityregiondp.com\/liverpool-city-region-tourism-awards\/\" target=\"_blank\" rel=\"noopener\">\u2018Selbstversorger-Unterkunft des Jahres\u2019 bei den Liverpool City Region Tourism Awards<\/a>.<\/p><p>Es ist eine gro\u00dfe Ehre, neben den Besten von Liverpool ausgezeichnet zu werden, und ein Beweis f\u00fcr die harte Arbeit, das Engagement und den au\u00dfergew\u00f6hnlichen Service unseres gesamten Teams.<\/p><p>Wir k\u00f6nnen es kaum erwarten, an der Preisverleihung teilzunehmen und die wunderbare Stadt Liverpool im M\u00e4rz 2026 zu feiern.\u00a0<\/p><h3>\u00a0<\/h3><h3>Auszeichnungen f\u00fcr Serviced Apartments - PREMIER SUITES Edinburgh Fountain Court<\/h3><p>Wir sind sehr stolz darauf, dass PREMIER SUITES Edinburgh Fountain Court in zwei Kategorien in die engere Wahl f\u00fcr den <a href=\"https:\/\/www.servicedapartmentawards.com\/winners\/2025-winners\/\" target=\"_blank\" rel=\"noopener\">Serviced Apartment Auszeichnungen 2025<\/a>.<\/p><p>Die Anerkennung f\u00fcr unser Engagement in den Bereichen Gastfreundschaft, Nachhaltigkeit und Innovation ist ein Beweis f\u00fcr das Engagement und die Leidenschaft, mit der wir alles tun.<\/p><p>Die als \"Oscars der Branche\" bekannten Preise werden f\u00fcr Serviced Apartments, Aparthotels, l\u00e4ngere Aufenthalte und Kurzzeitvermietungen verliehen.<\/p><p>Wir wurden in die engere Auswahl genommen:<\/p><ul style=\"background-color: #ffffff; font-size: 18px;\"><li style=\"font-size: 18px;\">Beste Immobilie 71+ Einheiten<\/li><li style=\"font-size: 18px;\">Umwelt, Soziales und Governance (ESG) - Immobilien<\/li><\/ul><h3>\u00a0<\/h3><h3>Serviced Apartment Awards - Gewinner des Rising Star 2025<\/h3><p>Max Meerema, PREMIER SUITES Rotterdam, nahm stolz den ersten Platz f\u00fcr den \u2018Rising Star 2025\u2019 beim <a href=\"https:\/\/www.servicedapartmentawards.com\/winners\/2025-winners\/\" target=\"_blank\" rel=\"noopener\">Serviced Apartment Auszeichnungen 2025<\/a>.\u00a0<\/p><p>Max ist nicht nur ein vielversprechender Fachmann - seine Leidenschaft f\u00fcr das Gastgewerbe, seine strategischen F\u00fchrungsqualit\u00e4ten und sein sp\u00fcrbarer Einfluss auf die Branche machen ihn zu einem Rising Star.<\/p><p>Mit seinen Beitr\u00e4gen, die von operativer Exzellenz \u00fcber Nachhaltigkeit bis hin zur Ertragsoptimierung reichen, gestaltet Max die Zukunft der Serviced Apartments.<\/p><p>Seine Reise hat gerade erst begonnen, aber sein Einfluss hinterl\u00e4sst bereits bleibende Spuren.<\/p><p>\u00a0<\/p><h3>The Altos - Bester Gastgewerbeanbieter - Europa<\/h3><p>Mit den Altos werden herausragende Leistungen, Innovationen und F\u00fchrungsqualit\u00e4ten in der Beherbergungs- und Gastgewerbebranche ausgezeichnet.<\/p><p>Mit dieser Auszeichnung werden herausragende Serviceleistungen, G\u00e4steerlebnisse und Innovationen unter den auf Unternehmen ausgerichteten Anbietern von Hotels und Serviced Apartments in Europa gew\u00fcrdigt.<\/p><p>\u00a0<\/p><h3>Toller Arbeitsplatz in Irland<\/h3><p>Unsere drei PREMIER SUITES H\u00e4user in Dublin wurden von Great Place to Work\u00ae ausgezeichnet:<\/p><ul><li>Great Place to Work\u00ae Zertifizierung 2025<\/li><li>Irlands beste Arbeitspl\u00e4tze\u2122 2025<\/li><li>Irlands beste Arbeitspl\u00e4tze\u2122 f\u00fcr Frauen 2025<\/li><li>Irlands beste Arbeitspl\u00e4tze\u2122 f\u00fcr Gesundheit und Wohlbefinden 2025<\/li><li>Irlands beste Arbeitspl\u00e4tze\u2122 im Gastgewerbe 2025<\/li><li>Ireland's Best Large Workplaces (Irlands beste Gro\u00dfunternehmen) und erreichte damit einen beeindruckenden 7.<\/li><li>Beste Arbeitsst\u00e4tten\u2122 in Europa 2025<\/li><\/ul><h3>\u00a0<\/h3><h3>Great Place to Work UK<\/h3><p>Unsere PREMIER SUITES UK-H\u00e4user wurden von Great Place to Work\u00ae ausgezeichnet f\u00fcr:<\/p><ul><li>Great Place to Work\u00ae Zertifizierung 2025<\/li><li>UK's Best Workplaces\u2122 f\u00fcr Frauen 2025<\/li><li>UK's Best Workplaces in Retail, Hospitality &amp; Leisure\u2122<\/li><li>Beste Arbeitsst\u00e4tten\u2122 in Europa 2025<\/li><\/ul>\t\t\t\t\t\t\t\t<\/div>\n\t\t\t\t<\/div>\n\t\t\t\t\t<\/div>\n\t\t\t\t<\/div>\n\t\t\t\t<\/div>","protected":false},"excerpt":{"rendered":"<p>As we approach the end of 2025, we want to share our heartfelt Season\u2019s Greetings with all our guests, colleagues, suppliers, shareholders, and supporters from this past year. Your support has been invaluable to our journey \u2013 thank you for being a part of it. Join us in taking a moment to reminisce and enjoy [&hellip;]<\/p>\n","protected":false},"author":2,"featured_media":17242,"comment_status":"closed","ping_status":"closed","sticky":false,"template":"","format":"standard","meta":{"_acf_changed":false,"footnotes":""},"categories":[54],"tags":[391],"class_list":["post-18207","post","type-post","status-publish","format-standard","has-post-thumbnail","hentry","category-premier-suites-collection","tag-serviced-apartments"],"acf":[],"yoast_head":"<!-- This site is optimized with the Yoast SEO Premium plugin v28.3 (Yoast SEO v28.4) - https:\/\/yoast.com\/product\/yoast-seo-premium-wordpress\/ -->\n<title>PREMIER SUITES\u00a02025\u00a0Highlights | PREMIER SUITES Serviced Apartments<\/title>\n<meta name=\"description\" content=\"As we approach the end of 2025, we want to share our heartfelt Season\u2019s Greetings to all - your support has been invaluable to our journey.\" \/>\n<meta name=\"robots\" content=\"index, follow, max-snippet:-1, max-image-preview:large, max-video-preview:-1\" \/>\n<link rel=\"canonical\" href=\"https:\/\/www.premiersuiteseurope.com\/de\/blog\/premier-suites-2025-hohepunkte\/\" \/>\n<meta property=\"og:locale\" content=\"de_DE\" \/>\n<meta property=\"og:type\" content=\"article\" \/>\n<meta property=\"og:title\" content=\"PREMIER SUITES\u00a02025\u00a0Highlights\" \/>\n<meta property=\"og:description\" content=\"As we approach the end of 2025, we want to share our heartfelt Season\u2019s Greetings to all - your support has been invaluable to our journey.\" \/>\n<meta property=\"og:url\" content=\"https:\/\/www.premiersuiteseurope.com\/de\/blog\/premier-suites-2025-hohepunkte\/\" \/>\n<meta property=\"og:site_name\" content=\"PREMIER SUITES Serviced Apartments\" \/>\n<meta property=\"article:publisher\" content=\"https:\/\/www.facebook.com\/premiersuites.eu\" \/>\n<meta property=\"article:published_time\" content=\"2025-12-03T17:02:33+00:00\" \/>\n<meta property=\"article:modified_time\" content=\"2025-12-18T12:00:38+00:00\" \/>\n<meta property=\"og:image\" content=\"https:\/\/www.premiersuiteseurope.com\/wp-content\/uploads\/2025\/05\/Serviced-Apartment-Awards.jpg\" \/>\n\t<meta property=\"og:image:width\" content=\"1200\" \/>\n\t<meta property=\"og:image:height\" content=\"902\" \/>\n\t<meta property=\"og:image:type\" content=\"image\/jpeg\" \/>\n<meta name=\"author\" content=\"Edel Hall\" \/>\n<meta name=\"twitter:card\" content=\"summary_large_image\" \/>\n<meta name=\"twitter:creator\" content=\"@premiersuiteseu\" \/>\n<meta name=\"twitter:site\" content=\"@premiersuiteseu\" \/>\n<meta name=\"twitter:label1\" content=\"Verfasst von\" \/>\n\t<meta name=\"twitter:data1\" content=\"Edel Hall\" \/>\n\t<meta name=\"twitter:label2\" content=\"Gesch\u00e4tzte Lesezeit\" \/>\n\t<meta name=\"twitter:data2\" content=\"5\u00a0Minuten\" \/>\n<script type=\"application\/ld+json\" class=\"yoast-schema-graph\">{\"@context\":\"https:\\\/\\\/schema.org\",\"@graph\":[{\"@type\":\"Article\",\"@id\":\"https:\\\/\\\/www.premiersuiteseurope.com\\\/blog\\\/premier-suites-2025-highlights#article\",\"isPartOf\":{\"@id\":\"https:\\\/\\\/www.premiersuiteseurope.com\\\/blog\\\/premier-suites-2025-highlights\"},\"author\":{\"name\":\"Edel Hall\",\"@id\":\"https:\\\/\\\/www.premiersuiteseurope.com\\\/#\\\/schema\\\/person\\\/b0060ef526c738ff681757b1f85d923a\"},\"headline\":\"PREMIER SUITES\u00a02025\u00a0Highlights\",\"datePublished\":\"2025-12-03T17:02:33+00:00\",\"dateModified\":\"2025-12-18T12:00:38+00:00\",\"mainEntityOfPage\":{\"@id\":\"https:\\\/\\\/www.premiersuiteseurope.com\\\/blog\\\/premier-suites-2025-highlights\"},\"wordCount\":1122,\"publisher\":{\"@id\":\"https:\\\/\\\/www.premiersuiteseurope.com\\\/#organization\"},\"image\":{\"@id\":\"https:\\\/\\\/www.premiersuiteseurope.com\\\/blog\\\/premier-suites-2025-highlights#primaryimage\"},\"thumbnailUrl\":\"https:\\\/\\\/www.premiersuiteseurope.com\\\/wp-content\\\/uploads\\\/2025\\\/05\\\/Serviced-Apartment-Awards.jpg\",\"keywords\":[\"Serviced Apartments\"],\"articleSection\":[\"PREMIER SUITES Collection\"],\"inLanguage\":\"de\"},{\"@type\":\"WebPage\",\"@id\":\"https:\\\/\\\/www.premiersuiteseurope.com\\\/blog\\\/premier-suites-2025-highlights\",\"url\":\"https:\\\/\\\/www.premiersuiteseurope.com\\\/blog\\\/premier-suites-2025-highlights\",\"name\":\"PREMIER SUITES\u00a02025\u00a0Highlights | PREMIER SUITES Serviced Apartments\",\"isPartOf\":{\"@id\":\"https:\\\/\\\/www.premiersuiteseurope.com\\\/#website\"},\"primaryImageOfPage\":{\"@id\":\"https:\\\/\\\/www.premiersuiteseurope.com\\\/blog\\\/premier-suites-2025-highlights#primaryimage\"},\"image\":{\"@id\":\"https:\\\/\\\/www.premiersuiteseurope.com\\\/blog\\\/premier-suites-2025-highlights#primaryimage\"},\"thumbnailUrl\":\"https:\\\/\\\/www.premiersuiteseurope.com\\\/wp-content\\\/uploads\\\/2025\\\/05\\\/Serviced-Apartment-Awards.jpg\",\"datePublished\":\"2025-12-03T17:02:33+00:00\",\"dateModified\":\"2025-12-18T12:00:38+00:00\",\"description\":\"As we approach the end of 2025, we want to share our heartfelt Season\u2019s Greetings to all - your support has been invaluable to our journey.\",\"breadcrumb\":{\"@id\":\"https:\\\/\\\/www.premiersuiteseurope.com\\\/blog\\\/premier-suites-2025-highlights#breadcrumb\"},\"inLanguage\":\"de\",\"potentialAction\":[{\"@type\":\"ReadAction\",\"target\":[\"https:\\\/\\\/www.premiersuiteseurope.com\\\/blog\\\/premier-suites-2025-highlights\"]}]},{\"@type\":\"ImageObject\",\"inLanguage\":\"de\",\"@id\":\"https:\\\/\\\/www.premiersuiteseurope.com\\\/blog\\\/premier-suites-2025-highlights#primaryimage\",\"url\":\"https:\\\/\\\/www.premiersuiteseurope.com\\\/wp-content\\\/uploads\\\/2025\\\/05\\\/Serviced-Apartment-Awards.jpg\",\"contentUrl\":\"https:\\\/\\\/www.premiersuiteseurope.com\\\/wp-content\\\/uploads\\\/2025\\\/05\\\/Serviced-Apartment-Awards.jpg\",\"width\":1200,\"height\":902,\"caption\":\"PREMIER SUITES Team at the Serviced Apartment Awards 2025\"},{\"@type\":\"BreadcrumbList\",\"@id\":\"https:\\\/\\\/www.premiersuiteseurope.com\\\/blog\\\/premier-suites-2025-highlights#breadcrumb\",\"itemListElement\":[{\"@type\":\"ListItem\",\"position\":1,\"name\":\"Home\",\"item\":\"https:\\\/\\\/www.premiersuiteseurope.com\\\/en\\\/\"},{\"@type\":\"ListItem\",\"position\":2,\"name\":\"PREMIER SUITES\u00a02025\u00a0Highlights\"}]},{\"@type\":\"WebSite\",\"@id\":\"https:\\\/\\\/www.premiersuiteseurope.com\\\/#website\",\"url\":\"https:\\\/\\\/www.premiersuiteseurope.com\\\/\",\"name\":\"PREMIER SUITES Serviced Apartments\",\"description\":\"Serviced Apartments in Europe\",\"publisher\":{\"@id\":\"https:\\\/\\\/www.premiersuiteseurope.com\\\/#organization\"},\"potentialAction\":[{\"@type\":\"SearchAction\",\"target\":{\"@type\":\"EntryPoint\",\"urlTemplate\":\"https:\\\/\\\/www.premiersuiteseurope.com\\\/?s={search_term_string}\"},\"query-input\":{\"@type\":\"PropertyValueSpecification\",\"valueRequired\":true,\"valueName\":\"search_term_string\"}}],\"inLanguage\":\"de\"},{\"@type\":\"Organization\",\"@id\":\"https:\\\/\\\/www.premiersuiteseurope.com\\\/#organization\",\"name\":\"PREMIER SUITES Serviced Apartments\",\"url\":\"https:\\\/\\\/www.premiersuiteseurope.com\\\/\",\"logo\":{\"@type\":\"ImageObject\",\"inLanguage\":\"de\",\"@id\":\"https:\\\/\\\/www.premiersuiteseurope.com\\\/#\\\/schema\\\/logo\\\/image\\\/\",\"url\":\"\",\"contentUrl\":\"\",\"caption\":\"PREMIER SUITES Serviced Apartments\"},\"image\":{\"@id\":\"https:\\\/\\\/www.premiersuiteseurope.com\\\/#\\\/schema\\\/logo\\\/image\\\/\"},\"sameAs\":[\"https:\\\/\\\/www.facebook.com\\\/premiersuites.eu\",\"https:\\\/\\\/x.com\\\/premiersuiteseu\",\"https:\\\/\\\/www.instagram.com\\\/premiersuites\\\/\",\"https:\\\/\\\/www.linkedin.com\\\/company\\\/premier-suites\\\/\",\"https:\\\/\\\/www.youtube.com\\\/user\\\/PremierApartments\"]},{\"@type\":\"Person\",\"@id\":\"https:\\\/\\\/www.premiersuiteseurope.com\\\/#\\\/schema\\\/person\\\/b0060ef526c738ff681757b1f85d923a\",\"name\":\"Edel Hall\",\"image\":{\"@type\":\"ImageObject\",\"inLanguage\":\"de\",\"@id\":\"https:\\\/\\\/secure.gravatar.com\\\/avatar\\\/a722b9a4f985c4c3d25afb92c7b5d0fedde7830d9e589579a8db0de8a6aa9ef1?s=96&d=mm&r=g\",\"url\":\"https:\\\/\\\/secure.gravatar.com\\\/avatar\\\/a722b9a4f985c4c3d25afb92c7b5d0fedde7830d9e589579a8db0de8a6aa9ef1?s=96&d=mm&r=g\",\"contentUrl\":\"https:\\\/\\\/secure.gravatar.com\\\/avatar\\\/a722b9a4f985c4c3d25afb92c7b5d0fedde7830d9e589579a8db0de8a6aa9ef1?s=96&d=mm&r=g\",\"caption\":\"Edel Hall\"},\"description\":\"Edel studied hospitality in university and has worked in the hospitality industry since \u2013 both operationally and behind the scenes. Before joining PREM Hospitality, Edel focused on hotel compliance, ensuring that brand standards and brand identity are adhered to.\",\"url\":\"https:\\\/\\\/www.premiersuiteseurope.com\\\/de\\\/blog\\\/author\\\/ehallsprintdigital-com\"}]}<\/script>\n<!-- \/ Yoast SEO Premium plugin. -->","yoast_head_json":{"title":"PREMIER SUITES 2025 Highlights | PREMIER SUITES Serviced Apartments","description":"Da wir uns dem Ende des Jahres 2025 n\u00e4hern, m\u00f6chten wir Ihnen allen unsere herzlichen Weihnachtsgr\u00fc\u00dfe \u00fcbermitteln - Ihre Unterst\u00fctzung war f\u00fcr unsere Reise von unsch\u00e4tzbarem Wert.","robots":{"index":"index","follow":"follow","max-snippet":"max-snippet:-1","max-image-preview":"max-image-preview:large","max-video-preview":"max-video-preview:-1"},"canonical":"https:\/\/www.premiersuiteseurope.com\/de\/blog\/premier-suites-2025-hohepunkte\/","og_locale":"de_DE","og_type":"article","og_title":"PREMIER SUITES\u00a02025\u00a0Highlights","og_description":"As we approach the end of 2025, we want to share our heartfelt Season\u2019s Greetings to all - your support has been invaluable to our journey.","og_url":"https:\/\/www.premiersuiteseurope.com\/de\/blog\/premier-suites-2025-hohepunkte\/","og_site_name":"PREMIER SUITES Serviced Apartments","article_publisher":"https:\/\/www.facebook.com\/premiersuites.eu","article_published_time":"2025-12-03T17:02:33+00:00","article_modified_time":"2025-12-18T12:00:38+00:00","og_image":[{"width":1200,"height":902,"url":"https:\/\/www.premiersuiteseurope.com\/wp-content\/uploads\/2025\/05\/Serviced-Apartment-Awards.jpg","type":"image\/jpeg"}],"author":"Edel Hall","twitter_card":"summary_large_image","twitter_creator":"@premiersuiteseu","twitter_site":"@premiersuiteseu","twitter_misc":{"Verfasst von":"Edel Hall","Gesch\u00e4tzte Lesezeit":"5\u00a0Minuten"},"schema":{"@context":"https:\/\/schema.org","@graph":[{"@type":"Article","@id":"https:\/\/www.premiersuiteseurope.com\/blog\/premier-suites-2025-highlights#article","isPartOf":{"@id":"https:\/\/www.premiersuiteseurope.com\/blog\/premier-suites-2025-highlights"},"author":{"name":"Edel Hall","@id":"https:\/\/www.premiersuiteseurope.com\/#\/schema\/person\/b0060ef526c738ff681757b1f85d923a"},"headline":"PREMIER SUITES\u00a02025\u00a0Highlights","datePublished":"2025-12-03T17:02:33+00:00","dateModified":"2025-12-18T12:00:38+00:00","mainEntityOfPage":{"@id":"https:\/\/www.premiersuiteseurope.com\/blog\/premier-suites-2025-highlights"},"wordCount":1122,"publisher":{"@id":"https:\/\/www.premiersuiteseurope.com\/#organization"},"image":{"@id":"https:\/\/www.premiersuiteseurope.com\/blog\/premier-suites-2025-highlights#primaryimage"},"thumbnailUrl":"https:\/\/www.premiersuiteseurope.com\/wp-content\/uploads\/2025\/05\/Serviced-Apartment-Awards.jpg","keywords":["Serviced Apartments"],"articleSection":["PREMIER SUITES Collection"],"inLanguage":"de"},{"@type":"WebPage","@id":"https:\/\/www.premiersuiteseurope.com\/blog\/premier-suites-2025-highlights","url":"https:\/\/www.premiersuiteseurope.com\/blog\/premier-suites-2025-highlights","name":"PREMIER SUITES 2025 Highlights | PREMIER SUITES Serviced Apartments","isPartOf":{"@id":"https:\/\/www.premiersuiteseurope.com\/#website"},"primaryImageOfPage":{"@id":"https:\/\/www.premiersuiteseurope.com\/blog\/premier-suites-2025-highlights#primaryimage"},"image":{"@id":"https:\/\/www.premiersuiteseurope.com\/blog\/premier-suites-2025-highlights#primaryimage"},"thumbnailUrl":"https:\/\/www.premiersuiteseurope.com\/wp-content\/uploads\/2025\/05\/Serviced-Apartment-Awards.jpg","datePublished":"2025-12-03T17:02:33+00:00","dateModified":"2025-12-18T12:00:38+00:00","description":"Da wir uns dem Ende des Jahres 2025 n\u00e4hern, m\u00f6chten wir Ihnen allen unsere herzlichen Weihnachtsgr\u00fc\u00dfe \u00fcbermitteln - Ihre Unterst\u00fctzung war f\u00fcr unsere Reise von unsch\u00e4tzbarem Wert.","breadcrumb":{"@id":"https:\/\/www.premiersuiteseurope.com\/blog\/premier-suites-2025-highlights#breadcrumb"},"inLanguage":"de","potentialAction":[{"@type":"ReadAction","target":["https:\/\/www.premiersuiteseurope.com\/blog\/premier-suites-2025-highlights"]}]},{"@type":"ImageObject","inLanguage":"de","@id":"https:\/\/www.premiersuiteseurope.com\/blog\/premier-suites-2025-highlights#primaryimage","url":"https:\/\/www.premiersuiteseurope.com\/wp-content\/uploads\/2025\/05\/Serviced-Apartment-Awards.jpg","contentUrl":"https:\/\/www.premiersuiteseurope.com\/wp-content\/uploads\/2025\/05\/Serviced-Apartment-Awards.jpg","width":1200,"height":902,"caption":"PREMIER SUITES Team at the Serviced Apartment Awards 2025"},{"@type":"BreadcrumbList","@id":"https:\/\/www.premiersuiteseurope.com\/blog\/premier-suites-2025-highlights#breadcrumb","itemListElement":[{"@type":"ListItem","position":1,"name":"Home","item":"https:\/\/www.premiersuiteseurope.com\/en\/"},{"@type":"ListItem","position":2,"name":"PREMIER SUITES\u00a02025\u00a0Highlights"}]},{"@type":"WebSite","@id":"https:\/\/www.premiersuiteseurope.com\/#website","url":"https:\/\/www.premiersuiteseurope.com\/","name":"PREMIER SUITES Serviced Apartments","description":"Serviced Apartments in Europa","publisher":{"@id":"https:\/\/www.premiersuiteseurope.com\/#organization"},"potentialAction":[{"@type":"SearchAction","target":{"@type":"EntryPoint","urlTemplate":"https:\/\/www.premiersuiteseurope.com\/?s={search_term_string}"},"query-input":{"@type":"PropertyValueSpecification","valueRequired":true,"valueName":"search_term_string"}}],"inLanguage":"de"},{"@type":"Organization","@id":"https:\/\/www.premiersuiteseurope.com\/#organization","name":"PREMIER SUITES Serviced Apartments","url":"https:\/\/www.premiersuiteseurope.com\/","logo":{"@type":"ImageObject","inLanguage":"de","@id":"https:\/\/www.premiersuiteseurope.com\/#\/schema\/logo\/image\/","url":"","contentUrl":"","caption":"PREMIER SUITES Serviced Apartments"},"image":{"@id":"https:\/\/www.premiersuiteseurope.com\/#\/schema\/logo\/image\/"},"sameAs":["https:\/\/www.facebook.com\/premiersuites.eu","https:\/\/x.com\/premiersuiteseu","https:\/\/www.instagram.com\/premiersuites\/","https:\/\/www.linkedin.com\/company\/premier-suites\/","https:\/\/www.youtube.com\/user\/PremierApartments"]},{"@type":"Person","@id":"https:\/\/www.premiersuiteseurope.com\/#\/schema\/person\/b0060ef526c738ff681757b1f85d923a","name":"Edel-Halle","image":{"@type":"ImageObject","inLanguage":"de","@id":"https:\/\/secure.gravatar.com\/avatar\/a722b9a4f985c4c3d25afb92c7b5d0fedde7830d9e589579a8db0de8a6aa9ef1?s=96&d=mm&r=g","url":"https:\/\/secure.gravatar.com\/avatar\/a722b9a4f985c4c3d25afb92c7b5d0fedde7830d9e589579a8db0de8a6aa9ef1?s=96&d=mm&r=g","contentUrl":"https:\/\/secure.gravatar.com\/avatar\/a722b9a4f985c4c3d25afb92c7b5d0fedde7830d9e589579a8db0de8a6aa9ef1?s=96&d=mm&r=g","caption":"Edel Hall"},"description":"Edel studierte Gastgewerbe an der Universit\u00e4t und hat seitdem in der Hotelbranche gearbeitet - sowohl operativ als auch hinter den Kulissen. Bevor sie zu PREM Hospitality kam, konzentrierte sich Edel auf die Hotel-Compliance und stellte sicher, dass die Markenstandards und die Markenidentit\u00e4t eingehalten werden.","url":"https:\/\/www.premiersuiteseurope.com\/de\/blog\/author\/ehallsprintdigital-com"}]}},"_links":{"self":[{"href":"https:\/\/www.premiersuiteseurope.com\/de\/wp-json\/wp\/v2\/posts\/18207","targetHints":{"allow":["GET"]}}],"collection":[{"href":"https:\/\/www.premiersuiteseurope.com\/de\/wp-json\/wp\/v2\/posts"}],"about":[{"href":"https:\/\/www.premiersuiteseurope.com\/de\/wp-json\/wp\/v2\/types\/post"}],"author":[{"embeddable":true,"href":"https:\/\/www.premiersuiteseurope.com\/de\/wp-json\/wp\/v2\/users\/2"}],"replies":[{"embeddable":true,"href":"https:\/\/www.premiersuiteseurope.com\/de\/wp-json\/wp\/v2\/comments?post=18207"}],"version-history":[{"count":0,"href":"https:\/\/www.premiersuiteseurope.com\/de\/wp-json\/wp\/v2\/posts\/18207\/revisions"}],"wp:featuredmedia":[{"embeddable":true,"href":"https:\/\/www.premiersuiteseurope.com\/de\/wp-json\/wp\/v2\/media\/17242"}],"wp:attachment":[{"href":"https:\/\/www.premiersuiteseurope.com\/de\/wp-json\/wp\/v2\/media?parent=18207"}],"wp:term":[{"taxonomy":"category","embeddable":true,"href":"https:\/\/www.premiersuiteseurope.com\/de\/wp-json\/wp\/v2\/categories?post=18207"},{"taxonomy":"post_tag","embeddable":true,"href":"https:\/\/www.premiersuiteseurope.com\/de\/wp-json\/wp\/v2\/tags?post=18207"}],"curies":[{"name":"wp","href":"https:\/\/api.w.org\/{rel}","templated":true}]}}