{"id":14947,"date":"2024-06-06T09:20:49","date_gmt":"2024-06-06T09:20:49","guid":{"rendered":"https:\/\/www.premiersuiteseurope.com\/?p=14947"},"modified":"2024-06-06T09:49:12","modified_gmt":"2024-06-06T09:49:12","slug":"meet-monica-dunne-awarded-leader-of-the-year","status":"publish","type":"post","link":"https:\/\/www.premiersuiteseurope.com\/de\/blog\/treffen-sie-monica-dunne-die-als-fuhrungskraft-des-jahres-ausgezeichnet-wurde","title":{"rendered":"Treffen Sie Monica Dunne - Ausgezeichnete F\u00fchrungskraft des Jahres"},"content":{"rendered":"<div data-elementor-type=\"wp-post\" data-elementor-id=\"14947\" class=\"elementor elementor-14947\" data-elementor-post-type=\"post\">\n\t\t\t\t<div class=\"elementor-element elementor-element-6b6155bb e-flex e-con-boxed e-con e-parent\" data-id=\"6b6155bb\" data-element_type=\"container\" data-e-type=\"container\" data-settings=\"{&quot;jet_parallax_layout_list&quot;:[]}\">\n\t\t\t\t\t<div class=\"e-con-inner\">\n\t\t\t\t<div class=\"elementor-element elementor-element-4cb0c315 elementor-widget elementor-widget-text-editor\" data-id=\"4cb0c315\" data-element_type=\"widget\" data-e-type=\"widget\" data-widget_type=\"text-editor.default\">\n\t\t\t\t<div class=\"elementor-widget-container\">\n\t\t\t\t\t\t\t\t\t<p><\/p>\n<p class=\"wp-block-paragraph\">Unter <a href=\"https:\/\/www.premiersuiteseurope.com\/de\/standorte\/ireland\/dublin\/serviced-apartments-leeson-street\/\">PREMIERE-SUITEN<\/a>Wir wissen um den Wert unserer Mitarbeiter. Wir haben Platz, Einrichtungen und Komfort in unseren Serviced Apartments in Dublin, aber das reicht nicht aus, wenn wir nicht von unseren freundlichen und effizienten Teams herzlich empfangen werden. Jedes Teammitglied tr\u00e4gt zum reibungslosen Ablauf und der einzigartigen Atmosph\u00e4re in PREMIER SUITES bei, was jeder Gast, der hier \u00fcbernachtet, zu sp\u00fcren bekommt. Bei den j\u00e4hrlichen PREM Ovation Awards werden unsere Besten und Kl\u00fcgsten ausgezeichnet, und wir freuen uns, dass unsere Duty Managerin Monica Dunne in diesem Jahr als beste F\u00fchrungskraft geehrt wurde. Obwohl wir gerne jedes einzelne Teammitglied f\u00fcr seine harte Arbeit und sein Engagement auszeichnen w\u00fcrden, sind wir hier, um die brillante Monica f\u00fcr ihre herausragende F\u00fchrung innerhalb unseres Teams zu feiern.<\/p>\n<p><\/p>\n<p><\/p>\n<h2>PREM Ovation Auszeichnungen<\/h2>\n<p class=\"wp-block-paragraph\"><a href=\"https:\/\/www.premgroup.com\/\" target=\"_blank\" rel=\"noopener\">PREM-Gruppe<\/a> ist die Muttergesellschaft, die alle PREMIER SUITES-H\u00e4user in Irland sowie zahlreiche andere Hotels in Irland, Gro\u00dfbritannien und Kontinentaleuropa verwaltet. PREM Hospitality repr\u00e4sentiert und verwaltet ein Portfolio von 30 Hotels in <a href=\"https:\/\/www.premiersuiteseurope.com\/de\/standorte\/ireland\/?_gl=1*1tqh2rf*_up*MQ..*_ga*OTQ2MzQ4NjY2LjE3MTc2NjY0NTQ.*_ga_KZ3N030ZN5*MTcxNzY2NjQ1My4xLjAuMTcxNzY2NjQ1My4wLjAuMA..&amp;gclid=CjwKCAjwvIWzBhAlEiwAHHWgvZ5y25_2OHttHs5zzHCSs0o6V2rOfKqn96QiqT5Dzctz6y__hSfuEBoCEmIQAvD_BwE\">Irland<\/a>die <a href=\"https:\/\/www.premiersuiteseurope.com\/de\/standorte\/vereinigtes-reich\/?_gl=1*1tqh2rf*_up*MQ..*_ga*OTQ2MzQ4NjY2LjE3MTc2NjY0NTQ.*_ga_KZ3N030ZN5*MTcxNzY2NjQ1My4xLjAuMTcxNzY2NjQ1My4wLjAuMA..&amp;gclid=CjwKCAjwvIWzBhAlEiwAHHWgvZ5y25_2OHttHs5zzHCSs0o6V2rOfKqn96QiqT5Dzctz6y__hSfuEBoCEmIQAvD_BwE\">UK<\/a>, <a href=\"https:\/\/www.premiersuiteseurope.com\/de\/standorte\/die-niederlande\/?_gl=1*10fnalo*_up*MQ..*_ga*MjIxNTMzODIwLjE3MTc2NjY1MjA.*_ga_KZ3N030ZN5*MTcxNzY2NjUyMC4xLjAuMTcxNzY2NjUyMC4wLjAuMA..&amp;gclid=CjwKCAjwvIWzBhAlEiwAHHWgvZ5y25_2OHttHs5zzHCSs0o6V2rOfKqn96QiqT5Dzctz6y__hSfuEBoCEmIQAvD_BwE\">die Niederlande<\/a> und <a href=\"https:\/\/www.premiersuiteseurope.com\/de\/standorte\/belgien\/?_gl=1*1jvdikz*_up*MQ..*_ga*MTIzNTc1OTEyMS4xNzE3NjY2Njgy*_ga_KZ3N030ZN5*MTcxNzY2NjY4Mi4xLjAuMTcxNzY2NjY4Mi4wLjAuMA..&amp;gclid=CjwKCAjwvIWzBhAlEiwAHHWgvZ5y25_2OHttHs5zzHCSs0o6V2rOfKqn96QiqT5Dzctz6y__hSfuEBoCEmIQAvD_BwE\">Belgien<\/a>. In Irland gibt es 10 H\u00e4user, die f\u00fcr die PREM Ovation Awards in Frage kommen, darunter drei PREMIER SUITES-Standorte in Dublin. Das Unternehmen besch\u00e4ftigt \u00fcber 100 Mitarbeiter in Irland, und jeder konnte f\u00fcr eine Auszeichnung nominiert werden.<\/p>\n<p><\/p>\n<p><\/p>\n<p class=\"wp-block-paragraph\">Die PREM Ovation Awards sind eine j\u00e4hrliche Veranstaltung, die die vielen Erfolge innerhalb des Unternehmens in den letzten 12 Monaten hervorhebt und feiert und den Beitrag von Teams und Einzelpersonen in den Unternehmen der PREM-Gruppe in Irland w\u00fcrdigt. Neben den bereits bestehenden Auszeichnungen \"Property Special Recognition Award\", \"Leader of the Year Award\", \"PREM Ethos Award\", \"Team of the Year Award\", \"Central Office Support Champion\", \"General Manager of the Year\" und \"Property of the Year\" haben wir in diesem Jahr die neue Auszeichnung \"Team Player of the Year\" eingef\u00fchrt, um Kollegen zu w\u00fcrdigen, die unsere Unternehmenseigenschaften und -werte in ihren Funktionen besonders gut verk\u00f6rpern.<\/p>\n<h2>PREMIER SUITES Leeson Street - Leader des Jahres<\/h2>\n<p>Wir freuen uns, unsere F\u00fchrungskraft des Jahres bei PREMIER SUITES, Monica Dunne, auszuzeichnen. Monica arbeitet seit 1996 f\u00fcr das Unternehmen und ist ein fester Bestandteil unseres Teams, sowohl insgesamt als auch im Alltag. Ihre Rolle als Duty Manager beinhaltet F\u00fchrung, Anleitung, Geschick und Freundlichkeit - Eigenschaften, die Monica vorbildlich verk\u00f6rpert. Monica wurde der Leadership Award bei den PREM Ovation Awards im Mai im Osprey Hotel verliehen, wo 100 unserer Kollegen aus den H\u00e4usern und unserer Zentrale in Dublin zusammenkamen, um zu feiern und ein k\u00f6stliches Mittagessen zu genie\u00dfen. Monica hatte bereits 2023 den Prestige-Preis als Mitarbeiterin des Jahres bei PREMIER SUITES Dublin gewonnen.<\/p>\n<p><img fetchpriority=\"high\" decoding=\"async\" class=\"alignnone size-medium wp-image-14950\" src=\"https:\/\/www.premiersuiteseurope.com\/wp-content\/uploads\/2024\/06\/20240527_145006-225x300.jpg\" alt=\"Monica Dunne\" width=\"225\" height=\"300\" srcset=\"https:\/\/www.premiersuiteseurope.com\/wp-content\/uploads\/2024\/06\/20240527_145006-225x300.jpg 225w, https:\/\/www.premiersuiteseurope.com\/wp-content\/uploads\/2024\/06\/20240527_145006-768x1024.jpg 768w, https:\/\/www.premiersuiteseurope.com\/wp-content\/uploads\/2024\/06\/20240527_145006-1152x1536.jpg 1152w, https:\/\/www.premiersuiteseurope.com\/wp-content\/uploads\/2024\/06\/20240527_145006-9x12.jpg 9w, https:\/\/www.premiersuiteseurope.com\/wp-content\/uploads\/2024\/06\/20240527_145006-rotated.jpg 1500w\" sizes=\"(max-width: 225px) 100vw, 225px\" \/> <img decoding=\"async\" class=\"size-medium wp-image-14952 alignnone\" src=\"https:\/\/www.premiersuiteseurope.com\/wp-content\/uploads\/2024\/06\/20240527_145733-1-225x300.jpg\" alt=\"\" width=\"225\" height=\"300\" srcset=\"https:\/\/www.premiersuiteseurope.com\/wp-content\/uploads\/2024\/06\/20240527_145733-1-225x300.jpg 225w, https:\/\/www.premiersuiteseurope.com\/wp-content\/uploads\/2024\/06\/20240527_145733-1-768x1024.jpg 768w, https:\/\/www.premiersuiteseurope.com\/wp-content\/uploads\/2024\/06\/20240527_145733-1-1152x1536.jpg 1152w, https:\/\/www.premiersuiteseurope.com\/wp-content\/uploads\/2024\/06\/20240527_145733-1-scaled.jpg 1536w, https:\/\/www.premiersuiteseurope.com\/wp-content\/uploads\/2024\/06\/20240527_145733-1-9x12.jpg 9w\" sizes=\"(max-width: 225px) 100vw, 225px\" \/><\/p>\n<p><img decoding=\"async\" class=\"size-medium wp-image-14951 alignright\" src=\"https:\/\/www.premiersuiteseurope.com\/wp-content\/uploads\/2024\/06\/20240527_145206-225x300.jpg\" alt=\"\" width=\"225\" height=\"300\" srcset=\"https:\/\/www.premiersuiteseurope.com\/wp-content\/uploads\/2024\/06\/20240527_145206-225x300.jpg 225w, https:\/\/www.premiersuiteseurope.com\/wp-content\/uploads\/2024\/06\/20240527_145206-768x1024.jpg 768w, https:\/\/www.premiersuiteseurope.com\/wp-content\/uploads\/2024\/06\/20240527_145206-1152x1536.jpg 1152w, https:\/\/www.premiersuiteseurope.com\/wp-content\/uploads\/2024\/06\/20240527_145206-9x12.jpg 9w, https:\/\/www.premiersuiteseurope.com\/wp-content\/uploads\/2024\/06\/20240527_145206-rotated.jpg 1500w\" sizes=\"(max-width: 225px) 100vw, 225px\" \/><\/p>\n<p>\u00a0<\/p>\n<h2>Ein Wort von Monica<\/h2>\n<h3>Was hat Sie dazu bewogen, eine Karriere im Gastgewerbe einzuschlagen?<\/h3>\n<p><\/p>\n<p><\/p>\n<p class=\"wp-block-paragraph\">Ich bin sozusagen aus Versehen dazu gekommen, ich brauchte einen Job und sah eine Anzeige f\u00fcr eine Teilzeitstelle als Unterkunftsassistentin und bewarb mich.<\/p>\n<p><\/p>\n<p><\/p>\n<h3>Wie lange sind Sie schon bei PREMIER SUITES Dublin Leeson Street?<\/h3>\n<p class=\"wp-block-paragraph\">27 Jahre<\/p>\n<p><\/p>\n<p><\/p>\n<h3>Was macht Ihnen am meisten Spa\u00df an der Arbeit bei PREMIER SUITES Dublin Leeson Street?<\/h3>\n<p class=\"wp-block-paragraph\">Kein Tag ist wie der andere, man trifft viele verschiedene Leute, sowohl G\u00e4ste als auch Kollegen.<\/p>\n<p><\/p>\n<p><\/p>\n<h3>Herzlichen Gl\u00fcckwunsch zum Gewinn des Leadership Award bei den PREM Ovation Awards und des Employee of the Year Award bei PREMIER SUITES Dublin Leeson Street im Jahr 2023. K\u00f6nnen Sie uns sagen, was diese Auszeichnungen f\u00fcr Sie bedeuten?<\/h3>\n<p class=\"wp-block-paragraph\">Beide waren eine \u00dcberraschung. Es ist sch\u00f6n, wenn man von den Menschen, mit denen man t\u00e4glich zusammenarbeitet, anerkannt wird.<\/p>\n<p><\/p>\n<p><\/p>\n<h3>Welchen Rat w\u00fcrden Sie jemandem geben, der seine Karriere im Gastgewerbe beginnt?<\/h3>\n<p class=\"wp-block-paragraph\">Erfolg im Gastgewerbe, vor allem f\u00fcr Berufsanf\u00e4nger, erfordert eine Kombination aus F\u00e4higkeiten, Einstellungen und harter Arbeit, also seien Sie anpassungsf\u00e4hig und flexibel.<\/p>\n<p><\/p>\n<p><\/p>\n<p class=\"wp-block-paragraph\">Wir sind sehr stolz auf Monica und das Team von <a href=\"https:\/\/www.premiersuiteseurope.com\/de\/standorte\/ireland\/dublin\/serviced-apartments-leeson-street\/\">PREMIERE-SUITEN<\/a>. Sie bereichern unser G\u00e4steerlebnis und tragen mit ihrer harten Arbeit und ihrem Flei\u00df dazu bei, dass unser Gesch\u00e4ft jeden Tag so reibungslos wie m\u00f6glich l\u00e4uft. Vielen Dank an Monica und das PREMIER SUITES Team.<\/p>\n<p><\/p>\t\t\t\t\t\t\t\t<\/div>\n\t\t\t\t<\/div>\n\t\t\t\t\t<\/div>\n\t\t\t\t<\/div>\n\t\t\t\t<\/div>","protected":false},"excerpt":{"rendered":"<p>At PREMIER SUITES, we realise the value of our people. We have space, facilities and comfort within our serviced apartments in Dublin, but these only go so far without a warm welcome from our friendly and efficient teams. Each team member contributes to the smooth running and the unique atmosphere within PREMIER SUITES, something noticed [&hellip;]<\/p>\n","protected":false},"author":6,"featured_media":14948,"comment_status":"closed","ping_status":"closed","sticky":false,"template":"","format":"standard","meta":{"_acf_changed":false,"footnotes":""},"categories":[41,285,50],"tags":[722,691],"class_list":["post-14947","post","type-post","status-publish","format-standard","has-post-thumbnail","hentry","category-dublin","category-ireland","category-premier-suites-dublin-leeson-street","tag-accommodation-in-dublin","tag-serviced-apartments-dublin"],"acf":[],"yoast_head":"<!-- This site is optimized with the Yoast SEO Premium plugin v28.3 (Yoast SEO v28.4) - https:\/\/yoast.com\/product\/yoast-seo-premium-wordpress\/ -->\n<title>Meet Monica Dunne - Awarded Leader Of The Year - Serviced Apartments | PREMEIR SUITES Dublin Leeson Street<\/title>\n<meta name=\"description\" content=\"At the annual PREM Ovation Awards, we were delighted that our Duty Manager, Monica Dunne was recognised as Best Leader this year.\" \/>\n<meta name=\"robots\" content=\"index, follow, max-snippet:-1, max-image-preview:large, max-video-preview:-1\" \/>\n<link rel=\"canonical\" href=\"https:\/\/www.premiersuiteseurope.com\/de\/blog\/treffen-sie-monica-dunne-die-als-fuhrungskraft-des-jahres-ausgezeichnet-wurde\/\" \/>\n<meta property=\"og:locale\" content=\"de_DE\" \/>\n<meta property=\"og:type\" content=\"article\" \/>\n<meta property=\"og:title\" content=\"Meet Monica Dunne - Awarded Leader Of The Year\" \/>\n<meta property=\"og:description\" content=\"At the annual PREM Ovation Awards, we were delighted that our Duty Manager, Monica Dunne was recognised as Best Leader this year.\" \/>\n<meta property=\"og:url\" content=\"https:\/\/www.premiersuiteseurope.com\/de\/blog\/treffen-sie-monica-dunne-die-als-fuhrungskraft-des-jahres-ausgezeichnet-wurde\/\" \/>\n<meta property=\"og:site_name\" content=\"PREMIER SUITES Serviced Apartments\" \/>\n<meta property=\"article:publisher\" content=\"https:\/\/www.facebook.com\/premiersuites.eu\" \/>\n<meta property=\"article:published_time\" content=\"2024-06-06T09:20:49+00:00\" \/>\n<meta property=\"article:modified_time\" content=\"2024-06-06T09:49:12+00:00\" \/>\n<meta property=\"og:image\" content=\"https:\/\/www.premiersuiteseurope.com\/wp-content\/uploads\/2024\/06\/Screenshot_20240425_102206_Facebook.jpg\" \/>\n\t<meta property=\"og:image:width\" content=\"1029\" \/>\n\t<meta property=\"og:image:height\" content=\"543\" \/>\n\t<meta property=\"og:image:type\" content=\"image\/jpeg\" \/>\n<meta name=\"author\" content=\"Sarah Corcoran\" \/>\n<meta name=\"twitter:card\" content=\"summary_large_image\" \/>\n<meta name=\"twitter:creator\" content=\"@premiersuiteseu\" \/>\n<meta name=\"twitter:site\" content=\"@premiersuiteseu\" \/>\n<meta name=\"twitter:label1\" content=\"Verfasst von\" \/>\n\t<meta name=\"twitter:data1\" content=\"Sarah Corcoran\" \/>\n\t<meta name=\"twitter:label2\" content=\"Gesch\u00e4tzte Lesezeit\" \/>\n\t<meta name=\"twitter:data2\" content=\"4\u00a0Minuten\" \/>\n<script type=\"application\/ld+json\" class=\"yoast-schema-graph\">{\"@context\":\"https:\\\/\\\/schema.org\",\"@graph\":[{\"@type\":\"Article\",\"@id\":\"https:\\\/\\\/www.premiersuiteseurope.com\\\/blog\\\/meet-monica-dunne-awarded-leader-of-the-year#article\",\"isPartOf\":{\"@id\":\"https:\\\/\\\/www.premiersuiteseurope.com\\\/blog\\\/meet-monica-dunne-awarded-leader-of-the-year\"},\"author\":{\"name\":\"Sarah Corcoran\",\"@id\":\"https:\\\/\\\/www.premiersuiteseurope.com\\\/#\\\/schema\\\/person\\\/0e16e5d0d99e4893cd6bd271f436d071\"},\"headline\":\"Meet Monica Dunne &#8211; Awarded Leader Of The Year\",\"datePublished\":\"2024-06-06T09:20:49+00:00\",\"dateModified\":\"2024-06-06T09:49:12+00:00\",\"mainEntityOfPage\":{\"@id\":\"https:\\\/\\\/www.premiersuiteseurope.com\\\/blog\\\/meet-monica-dunne-awarded-leader-of-the-year\"},\"wordCount\":638,\"publisher\":{\"@id\":\"https:\\\/\\\/www.premiersuiteseurope.com\\\/#organization\"},\"image\":{\"@id\":\"https:\\\/\\\/www.premiersuiteseurope.com\\\/blog\\\/meet-monica-dunne-awarded-leader-of-the-year#primaryimage\"},\"thumbnailUrl\":\"https:\\\/\\\/www.premiersuiteseurope.com\\\/wp-content\\\/uploads\\\/2024\\\/06\\\/Screenshot_20240425_102206_Facebook.jpg\",\"keywords\":[\"Accommodation In Dublin\",\"Serviced Apartments Dublin\"],\"articleSection\":[\"Dublin\",\"Ireland\",\"PREMIER SUITES Dublin Leeson Street\"],\"inLanguage\":\"de\"},{\"@type\":\"WebPage\",\"@id\":\"https:\\\/\\\/www.premiersuiteseurope.com\\\/blog\\\/meet-monica-dunne-awarded-leader-of-the-year\",\"url\":\"https:\\\/\\\/www.premiersuiteseurope.com\\\/blog\\\/meet-monica-dunne-awarded-leader-of-the-year\",\"name\":\"Meet Monica Dunne - Awarded Leader Of The Year - Serviced Apartments | PREMEIR SUITES Dublin Leeson Street\",\"isPartOf\":{\"@id\":\"https:\\\/\\\/www.premiersuiteseurope.com\\\/#website\"},\"primaryImageOfPage\":{\"@id\":\"https:\\\/\\\/www.premiersuiteseurope.com\\\/blog\\\/meet-monica-dunne-awarded-leader-of-the-year#primaryimage\"},\"image\":{\"@id\":\"https:\\\/\\\/www.premiersuiteseurope.com\\\/blog\\\/meet-monica-dunne-awarded-leader-of-the-year#primaryimage\"},\"thumbnailUrl\":\"https:\\\/\\\/www.premiersuiteseurope.com\\\/wp-content\\\/uploads\\\/2024\\\/06\\\/Screenshot_20240425_102206_Facebook.jpg\",\"datePublished\":\"2024-06-06T09:20:49+00:00\",\"dateModified\":\"2024-06-06T09:49:12+00:00\",\"description\":\"At the annual PREM Ovation Awards, we were delighted that our Duty Manager, Monica Dunne was recognised as Best Leader this year.\",\"breadcrumb\":{\"@id\":\"https:\\\/\\\/www.premiersuiteseurope.com\\\/blog\\\/meet-monica-dunne-awarded-leader-of-the-year#breadcrumb\"},\"inLanguage\":\"de\",\"potentialAction\":[{\"@type\":\"ReadAction\",\"target\":[\"https:\\\/\\\/www.premiersuiteseurope.com\\\/blog\\\/meet-monica-dunne-awarded-leader-of-the-year\"]}]},{\"@type\":\"ImageObject\",\"inLanguage\":\"de\",\"@id\":\"https:\\\/\\\/www.premiersuiteseurope.com\\\/blog\\\/meet-monica-dunne-awarded-leader-of-the-year#primaryimage\",\"url\":\"https:\\\/\\\/www.premiersuiteseurope.com\\\/wp-content\\\/uploads\\\/2024\\\/06\\\/Screenshot_20240425_102206_Facebook.jpg\",\"contentUrl\":\"https:\\\/\\\/www.premiersuiteseurope.com\\\/wp-content\\\/uploads\\\/2024\\\/06\\\/Screenshot_20240425_102206_Facebook.jpg\",\"width\":1029,\"height\":543,\"caption\":\"Monica Dunne and accommodation team at PREMIER SUITES Dublin\"},{\"@type\":\"BreadcrumbList\",\"@id\":\"https:\\\/\\\/www.premiersuiteseurope.com\\\/blog\\\/meet-monica-dunne-awarded-leader-of-the-year#breadcrumb\",\"itemListElement\":[{\"@type\":\"ListItem\",\"position\":1,\"name\":\"Home\",\"item\":\"https:\\\/\\\/www.premiersuiteseurope.com\\\/en\\\/\"},{\"@type\":\"ListItem\",\"position\":2,\"name\":\"Meet Monica Dunne &#8211; Awarded Leader Of The Year\"}]},{\"@type\":\"WebSite\",\"@id\":\"https:\\\/\\\/www.premiersuiteseurope.com\\\/#website\",\"url\":\"https:\\\/\\\/www.premiersuiteseurope.com\\\/\",\"name\":\"PREMIER SUITES Serviced Apartments\",\"description\":\"Serviced Apartments in Europe\",\"publisher\":{\"@id\":\"https:\\\/\\\/www.premiersuiteseurope.com\\\/#organization\"},\"potentialAction\":[{\"@type\":\"SearchAction\",\"target\":{\"@type\":\"EntryPoint\",\"urlTemplate\":\"https:\\\/\\\/www.premiersuiteseurope.com\\\/?s={search_term_string}\"},\"query-input\":{\"@type\":\"PropertyValueSpecification\",\"valueRequired\":true,\"valueName\":\"search_term_string\"}}],\"inLanguage\":\"de\"},{\"@type\":\"Organization\",\"@id\":\"https:\\\/\\\/www.premiersuiteseurope.com\\\/#organization\",\"name\":\"PREMIER SUITES Serviced Apartments\",\"url\":\"https:\\\/\\\/www.premiersuiteseurope.com\\\/\",\"logo\":{\"@type\":\"ImageObject\",\"inLanguage\":\"de\",\"@id\":\"https:\\\/\\\/www.premiersuiteseurope.com\\\/#\\\/schema\\\/logo\\\/image\\\/\",\"url\":\"\",\"contentUrl\":\"\",\"caption\":\"PREMIER SUITES Serviced Apartments\"},\"image\":{\"@id\":\"https:\\\/\\\/www.premiersuiteseurope.com\\\/#\\\/schema\\\/logo\\\/image\\\/\"},\"sameAs\":[\"https:\\\/\\\/www.facebook.com\\\/premiersuites.eu\",\"https:\\\/\\\/x.com\\\/premiersuiteseu\",\"https:\\\/\\\/www.instagram.com\\\/premiersuites\\\/\",\"https:\\\/\\\/www.linkedin.com\\\/company\\\/premier-suites\\\/\",\"https:\\\/\\\/www.youtube.com\\\/user\\\/PremierApartments\"]},{\"@type\":\"Person\",\"@id\":\"https:\\\/\\\/www.premiersuiteseurope.com\\\/#\\\/schema\\\/person\\\/0e16e5d0d99e4893cd6bd271f436d071\",\"name\":\"Sarah Corcoran\",\"image\":{\"@type\":\"ImageObject\",\"inLanguage\":\"de\",\"@id\":\"https:\\\/\\\/secure.gravatar.com\\\/avatar\\\/d0df744d5cf163339794ec1324832212de0e893f699adb58e21851aad0623a94?s=96&d=mm&r=g\",\"url\":\"https:\\\/\\\/secure.gravatar.com\\\/avatar\\\/d0df744d5cf163339794ec1324832212de0e893f699adb58e21851aad0623a94?s=96&d=mm&r=g\",\"contentUrl\":\"https:\\\/\\\/secure.gravatar.com\\\/avatar\\\/d0df744d5cf163339794ec1324832212de0e893f699adb58e21851aad0623a94?s=96&d=mm&r=g\",\"caption\":\"Sarah Corcoran\"},\"description\":\"Our blogs are written by our travel writer, Sarah, based in our Head Office in Dublin, Ireland. Her interests include travelling in Europe &amp; Ireland as much as possible, sampling local cuisine, writing and sharing inspiration about our gorgeous European locations. Sarah aims to find the best of the places she visits with a special interest in the hidden gems and lesser-known spots so you can get the very best out of your visit.\",\"url\":\"https:\\\/\\\/www.premiersuiteseurope.com\\\/de\\\/blog\\\/author\\\/scorcoranpremgroup-com\"}]}<\/script>\n<!-- \/ Yoast SEO Premium plugin. -->","yoast_head_json":{"title":"Treffen Sie Monica Dunne - Ausgezeichnete F\u00fchrungskraft des Jahres - Serviced Apartments | PREMEIR SUITES Dublin Leeson Street","description":"Bei den j\u00e4hrlichen PREM Ovation Awards haben wir uns gefreut, dass unsere Duty Managerin Monica Dunne dieses Jahr als beste F\u00fchrungskraft ausgezeichnet wurde.","robots":{"index":"index","follow":"follow","max-snippet":"max-snippet:-1","max-image-preview":"max-image-preview:large","max-video-preview":"max-video-preview:-1"},"canonical":"https:\/\/www.premiersuiteseurope.com\/de\/blog\/treffen-sie-monica-dunne-die-als-fuhrungskraft-des-jahres-ausgezeichnet-wurde\/","og_locale":"de_DE","og_type":"article","og_title":"Meet Monica Dunne - Awarded Leader Of The Year","og_description":"At the annual PREM Ovation Awards, we were delighted that our Duty Manager, Monica Dunne was recognised as Best Leader this year.","og_url":"https:\/\/www.premiersuiteseurope.com\/de\/blog\/treffen-sie-monica-dunne-die-als-fuhrungskraft-des-jahres-ausgezeichnet-wurde\/","og_site_name":"PREMIER SUITES Serviced Apartments","article_publisher":"https:\/\/www.facebook.com\/premiersuites.eu","article_published_time":"2024-06-06T09:20:49+00:00","article_modified_time":"2024-06-06T09:49:12+00:00","og_image":[{"width":1029,"height":543,"url":"https:\/\/www.premiersuiteseurope.com\/wp-content\/uploads\/2024\/06\/Screenshot_20240425_102206_Facebook.jpg","type":"image\/jpeg"}],"author":"Sarah Corcoran","twitter_card":"summary_large_image","twitter_creator":"@premiersuiteseu","twitter_site":"@premiersuiteseu","twitter_misc":{"Verfasst von":"Sarah Corcoran","Gesch\u00e4tzte Lesezeit":"4\u00a0Minuten"},"schema":{"@context":"https:\/\/schema.org","@graph":[{"@type":"Article","@id":"https:\/\/www.premiersuiteseurope.com\/blog\/meet-monica-dunne-awarded-leader-of-the-year#article","isPartOf":{"@id":"https:\/\/www.premiersuiteseurope.com\/blog\/meet-monica-dunne-awarded-leader-of-the-year"},"author":{"name":"Sarah Corcoran","@id":"https:\/\/www.premiersuiteseurope.com\/#\/schema\/person\/0e16e5d0d99e4893cd6bd271f436d071"},"headline":"Meet Monica Dunne &#8211; Awarded Leader Of The Year","datePublished":"2024-06-06T09:20:49+00:00","dateModified":"2024-06-06T09:49:12+00:00","mainEntityOfPage":{"@id":"https:\/\/www.premiersuiteseurope.com\/blog\/meet-monica-dunne-awarded-leader-of-the-year"},"wordCount":638,"publisher":{"@id":"https:\/\/www.premiersuiteseurope.com\/#organization"},"image":{"@id":"https:\/\/www.premiersuiteseurope.com\/blog\/meet-monica-dunne-awarded-leader-of-the-year#primaryimage"},"thumbnailUrl":"https:\/\/www.premiersuiteseurope.com\/wp-content\/uploads\/2024\/06\/Screenshot_20240425_102206_Facebook.jpg","keywords":["Accommodation In Dublin","Serviced Apartments Dublin"],"articleSection":["Dublin","Ireland","PREMIER SUITES Dublin Leeson Street"],"inLanguage":"de"},{"@type":"WebPage","@id":"https:\/\/www.premiersuiteseurope.com\/blog\/meet-monica-dunne-awarded-leader-of-the-year","url":"https:\/\/www.premiersuiteseurope.com\/blog\/meet-monica-dunne-awarded-leader-of-the-year","name":"Treffen Sie Monica Dunne - Ausgezeichnete F\u00fchrungskraft des Jahres - Serviced Apartments | PREMEIR SUITES Dublin Leeson Street","isPartOf":{"@id":"https:\/\/www.premiersuiteseurope.com\/#website"},"primaryImageOfPage":{"@id":"https:\/\/www.premiersuiteseurope.com\/blog\/meet-monica-dunne-awarded-leader-of-the-year#primaryimage"},"image":{"@id":"https:\/\/www.premiersuiteseurope.com\/blog\/meet-monica-dunne-awarded-leader-of-the-year#primaryimage"},"thumbnailUrl":"https:\/\/www.premiersuiteseurope.com\/wp-content\/uploads\/2024\/06\/Screenshot_20240425_102206_Facebook.jpg","datePublished":"2024-06-06T09:20:49+00:00","dateModified":"2024-06-06T09:49:12+00:00","description":"Bei den j\u00e4hrlichen PREM Ovation Awards haben wir uns gefreut, dass unsere Duty Managerin Monica Dunne dieses Jahr als beste F\u00fchrungskraft ausgezeichnet wurde.","breadcrumb":{"@id":"https:\/\/www.premiersuiteseurope.com\/blog\/meet-monica-dunne-awarded-leader-of-the-year#breadcrumb"},"inLanguage":"de","potentialAction":[{"@type":"ReadAction","target":["https:\/\/www.premiersuiteseurope.com\/blog\/meet-monica-dunne-awarded-leader-of-the-year"]}]},{"@type":"ImageObject","inLanguage":"de","@id":"https:\/\/www.premiersuiteseurope.com\/blog\/meet-monica-dunne-awarded-leader-of-the-year#primaryimage","url":"https:\/\/www.premiersuiteseurope.com\/wp-content\/uploads\/2024\/06\/Screenshot_20240425_102206_Facebook.jpg","contentUrl":"https:\/\/www.premiersuiteseurope.com\/wp-content\/uploads\/2024\/06\/Screenshot_20240425_102206_Facebook.jpg","width":1029,"height":543,"caption":"Monica Dunne and accommodation team at PREMIER SUITES Dublin"},{"@type":"BreadcrumbList","@id":"https:\/\/www.premiersuiteseurope.com\/blog\/meet-monica-dunne-awarded-leader-of-the-year#breadcrumb","itemListElement":[{"@type":"ListItem","position":1,"name":"Home","item":"https:\/\/www.premiersuiteseurope.com\/en\/"},{"@type":"ListItem","position":2,"name":"Meet Monica Dunne &#8211; Awarded Leader Of The Year"}]},{"@type":"WebSite","@id":"https:\/\/www.premiersuiteseurope.com\/#website","url":"https:\/\/www.premiersuiteseurope.com\/","name":"PREMIER SUITES Serviced Apartments","description":"Serviced Apartments in Europa","publisher":{"@id":"https:\/\/www.premiersuiteseurope.com\/#organization"},"potentialAction":[{"@type":"SearchAction","target":{"@type":"EntryPoint","urlTemplate":"https:\/\/www.premiersuiteseurope.com\/?s={search_term_string}"},"query-input":{"@type":"PropertyValueSpecification","valueRequired":true,"valueName":"search_term_string"}}],"inLanguage":"de"},{"@type":"Organization","@id":"https:\/\/www.premiersuiteseurope.com\/#organization","name":"PREMIER SUITES Serviced Apartments","url":"https:\/\/www.premiersuiteseurope.com\/","logo":{"@type":"ImageObject","inLanguage":"de","@id":"https:\/\/www.premiersuiteseurope.com\/#\/schema\/logo\/image\/","url":"","contentUrl":"","caption":"PREMIER SUITES Serviced Apartments"},"image":{"@id":"https:\/\/www.premiersuiteseurope.com\/#\/schema\/logo\/image\/"},"sameAs":["https:\/\/www.facebook.com\/premiersuites.eu","https:\/\/x.com\/premiersuiteseu","https:\/\/www.instagram.com\/premiersuites\/","https:\/\/www.linkedin.com\/company\/premier-suites\/","https:\/\/www.youtube.com\/user\/PremierApartments"]},{"@type":"Person","@id":"https:\/\/www.premiersuiteseurope.com\/#\/schema\/person\/0e16e5d0d99e4893cd6bd271f436d071","name":"Sarah Corcoran","image":{"@type":"ImageObject","inLanguage":"de","@id":"https:\/\/secure.gravatar.com\/avatar\/d0df744d5cf163339794ec1324832212de0e893f699adb58e21851aad0623a94?s=96&d=mm&r=g","url":"https:\/\/secure.gravatar.com\/avatar\/d0df744d5cf163339794ec1324832212de0e893f699adb58e21851aad0623a94?s=96&d=mm&r=g","contentUrl":"https:\/\/secure.gravatar.com\/avatar\/d0df744d5cf163339794ec1324832212de0e893f699adb58e21851aad0623a94?s=96&d=mm&r=g","caption":"Sarah Corcoran"},"description":"Unsere Blogs werden von unserer Reiseschriftstellerin Sarah geschrieben, die in unserem Hauptb\u00fcro in Dublin, Irland, arbeitet. Zu ihren Interessen geh\u00f6rt es, so viel wie m\u00f6glich in Europa und Irland zu reisen, die lokale K\u00fcche zu probieren, zu schreiben und Inspirationen \u00fcber unsere herrlichen europ\u00e4ischen Orte zu teilen. Sarah ist bestrebt, das Beste der Orte, die sie besucht, zu finden, mit einem besonderen Interesse an den versteckten Juwelen und weniger bekannten Orten, damit Sie das Beste aus Ihrem Besuch machen k\u00f6nnen.","url":"https:\/\/www.premiersuiteseurope.com\/de\/blog\/author\/scorcoranpremgroup-com"}]}},"_links":{"self":[{"href":"https:\/\/www.premiersuiteseurope.com\/de\/wp-json\/wp\/v2\/posts\/14947","targetHints":{"allow":["GET"]}}],"collection":[{"href":"https:\/\/www.premiersuiteseurope.com\/de\/wp-json\/wp\/v2\/posts"}],"about":[{"href":"https:\/\/www.premiersuiteseurope.com\/de\/wp-json\/wp\/v2\/types\/post"}],"author":[{"embeddable":true,"href":"https:\/\/www.premiersuiteseurope.com\/de\/wp-json\/wp\/v2\/users\/6"}],"replies":[{"embeddable":true,"href":"https:\/\/www.premiersuiteseurope.com\/de\/wp-json\/wp\/v2\/comments?post=14947"}],"version-history":[{"count":0,"href":"https:\/\/www.premiersuiteseurope.com\/de\/wp-json\/wp\/v2\/posts\/14947\/revisions"}],"wp:featuredmedia":[{"embeddable":true,"href":"https:\/\/www.premiersuiteseurope.com\/de\/wp-json\/wp\/v2\/media\/14948"}],"wp:attachment":[{"href":"https:\/\/www.premiersuiteseurope.com\/de\/wp-json\/wp\/v2\/media?parent=14947"}],"wp:term":[{"taxonomy":"category","embeddable":true,"href":"https:\/\/www.premiersuiteseurope.com\/de\/wp-json\/wp\/v2\/categories?post=14947"},{"taxonomy":"post_tag","embeddable":true,"href":"https:\/\/www.premiersuiteseurope.com\/de\/wp-json\/wp\/v2\/tags?post=14947"}],"curies":[{"name":"wp","href":"https:\/\/api.w.org\/{rel}","templated":true}]}}